{"id":32294,"date":"2022-06-02T20:04:43","date_gmt":"2022-06-02T23:04:43","guid":{"rendered":"http:\/\/duraznohoy.com\/?p=32294"},"modified":"2022-06-02T20:04:43","modified_gmt":"2022-06-02T23:04:43","slug":"en-diciembre-sera-el-festival-forestal","status":"publish","type":"post","link":"https:\/\/duraznohoy.com\/?p=32294","title":{"rendered":"En diciembre ser\u00e1 el Festival Forestal."},"content":{"rendered":"<p><strong><img loading=\"lazy\" decoding=\"async\" class=\" wp-image-32295 alignright\" src=\"https:\/\/duraznohoy.com\/wp-content\/uploads\/2022\/06\/CARMEN-FORESTAL-300x415.jpg\" alt=\"\" width=\"234\" height=\"324\" srcset=\"https:\/\/duraznohoy.com\/wp-content\/uploads\/2022\/06\/CARMEN-FORESTAL-300x415.jpg 300w, https:\/\/duraznohoy.com\/wp-content\/uploads\/2022\/06\/CARMEN-FORESTAL.jpg 521w\" sizes=\"auto, (max-width: 234px) 100vw, 234px\" \/>En Villa del Carmen se est\u00e1 trabajando en la organizaci\u00f3n de una nueva edici\u00f3n del Festival Forestal.<\/strong><\/p>\n<p>El Alcalde <strong>Fernando Rodr\u00edguez Remedios<\/strong> confirm\u00f3 que el evento se estar\u00e1 cumpliendo en el Parque Davant los d\u00edas 2, 3 y 4 de diciembre pr\u00f3ximos.<\/p>\n<p>Los contactos con artistas se vienen efectuando con tiempo suficiente y se espera conformar una programaci\u00f3n atractiva para esta 24\u00aa edici\u00f3n del tradicional Festival carmense y el 11er. Festival Criollo que en la misma fecha se efectuar\u00e1 en el ruedo \u00abEduardo Mautone\u00bb.<\/p>\n","protected":false},"excerpt":{"rendered":"<p>En Villa del Carmen se est\u00e1 trabajando en la organizaci\u00f3n de una nueva edici\u00f3n del&#8230;<\/p>\n","protected":false},"author":2,"featured_media":32297,"comment_status":"closed","ping_status":"closed","sticky":false,"template":"","format":"standard","meta":{"footnotes":"","jetpack_publicize_message":"{title}\n\n{excerpt}\n\n{url}","jetpack_publicize_feature_enabled":true,"jetpack_social_post_already_shared":true,"jetpack_social_options":{"image_generator_settings":{"template":"fullscreen","default_image_id":0,"font":"","enabled":false},"version":2},"_wpas_customize_per_network":false},"categories":[29],"tags":[],"class_list":["post-32294","post","type-post","status-publish","format-standard","has-post-thumbnail","hentry","category-eventos"],"jetpack_publicize_connections":[],"_links":{"self":[{"href":"https:\/\/duraznohoy.com\/index.php?rest_route=\/wp\/v2\/posts\/32294","targetHints":{"allow":["GET"]}}],"collection":[{"href":"https:\/\/duraznohoy.com\/index.php?rest_route=\/wp\/v2\/posts"}],"about":[{"href":"https:\/\/duraznohoy.com\/index.php?rest_route=\/wp\/v2\/types\/post"}],"author":[{"embeddable":true,"href":"https:\/\/duraznohoy.com\/index.php?rest_route=\/wp\/v2\/users\/2"}],"replies":[{"embeddable":true,"href":"https:\/\/duraznohoy.com\/index.php?rest_route=%2Fwp%2Fv2%2Fcomments&post=32294"}],"version-history":[{"count":0,"href":"https:\/\/duraznohoy.com\/index.php?rest_route=\/wp\/v2\/posts\/32294\/revisions"}],"wp:featuredmedia":[{"embeddable":true,"href":"https:\/\/duraznohoy.com\/index.php?rest_route=\/wp\/v2\/media\/32297"}],"wp:attachment":[{"href":"https:\/\/duraznohoy.com\/index.php?rest_route=%2Fwp%2Fv2%2Fmedia&parent=32294"}],"wp:term":[{"taxonomy":"category","embeddable":true,"href":"https:\/\/duraznohoy.com\/index.php?rest_route=%2Fwp%2Fv2%2Fcategories&post=32294"},{"taxonomy":"post_tag","embeddable":true,"href":"https:\/\/duraznohoy.com\/index.php?rest_route=%2Fwp%2Fv2%2Ftags&post=32294"}],"curies":[{"name":"wp","href":"https:\/\/api.w.org\/{rel}","templated":true}]}}