{"id":32299,"date":"2022-06-02T21:58:07","date_gmt":"2022-06-03T00:58:07","guid":{"rendered":"http:\/\/duraznohoy.com\/?p=32299"},"modified":"2022-06-02T21:58:07","modified_gmt":"2022-06-03T00:58:07","slug":"victor-lima-presencia-y-ausencia-un-libro-atrapante","status":"publish","type":"post","link":"https:\/\/duraznohoy.com\/?p=32299","title":{"rendered":"V\u00edctor LIma, presencia y ausencia, un libro atrapante."},"content":{"rendered":"<p><strong><img loading=\"lazy\" decoding=\"async\" class=\" wp-image-32301 alignright\" src=\"https:\/\/duraznohoy.com\/wp-content\/uploads\/2022\/06\/FLORES-SHUBERT2-300x169.jpg\" alt=\"\" width=\"257\" height=\"145\" srcset=\"https:\/\/duraznohoy.com\/wp-content\/uploads\/2022\/06\/FLORES-SHUBERT2-300x169.jpg 300w, https:\/\/duraznohoy.com\/wp-content\/uploads\/2022\/06\/FLORES-SHUBERT2.jpg 709w\" sizes=\"auto, (max-width: 257px) 100vw, 257px\" \/>El pr\u00f3ximo lunes 6 en Casa de Cultura, Schubert Flores retorna a Durazno en el marco de un recorrido que ha denominado \u201cCultura pago a pago\u201d.<\/strong><\/p>\n<p>Shubert ha hecho un trabajo de investigaci\u00f3n excelente, del que ya tuvimos una muestra cuando present\u00f3 en la sala Lavalleja su libro sobre el guitarrista Tel\u00e9maco Morales.<\/p>\n<p>Desde hace 46 a\u00f1os se encuentra radicado en Buenos Aires, pero siempre ha estado unido a su pa\u00eds y sobre todo a resaltar personalidades de la m\u00fasica especialmente folcl\u00f3rica.<\/p>\n<p>Desde hace unos d\u00edas est\u00e1 presentando un libro que tuve la suerte de recibir de sus propias manos, sobre el poeta V\u00edctor Lima.<\/p>\n<p>Lo ha hecho en localidades del interior y ya ingresando al departamento de Durazno, el jueves lo hizo en Sarand\u00ed del Yi, ma\u00f1ana viernes estar\u00e1 en La Paloma y Blanquillo y el s\u00e1bado en El Carmen.<\/p>\n<p>La vida de V\u00edctor Lima que falleci\u00f3 tr\u00e1gicamente es digna de contar y Shubert lo hace con maestr\u00eda, en un libro que invita a leerlo, que atrapa desde el principio al fin.<\/p>\n<p><strong>Ser\u00e1 reitero, el lunes 6 a las 18.00 horas en Casa de la Cultura.<\/strong><\/p>\n<p>J.C.<\/p>\n","protected":false},"excerpt":{"rendered":"<p>El pr\u00f3ximo lunes 6 en Casa de Cultura, Schubert Flores retorna a Durazno en el&#8230;<\/p>\n","protected":false},"author":2,"featured_media":32300,"comment_status":"closed","ping_status":"closed","sticky":false,"template":"","format":"standard","meta":{"footnotes":"","jetpack_publicize_message":"{title}\n\n{excerpt}\n\n{url}","jetpack_publicize_feature_enabled":true,"jetpack_social_post_already_shared":true,"jetpack_social_options":{"image_generator_settings":{"template":"fullscreen","default_image_id":0,"font":"","enabled":false},"version":2},"_wpas_customize_per_network":false},"categories":[76],"tags":[],"class_list":["post-32299","post","type-post","status-publish","format-standard","has-post-thumbnail","hentry","category-libros"],"jetpack_publicize_connections":[],"_links":{"self":[{"href":"https:\/\/duraznohoy.com\/index.php?rest_route=\/wp\/v2\/posts\/32299","targetHints":{"allow":["GET"]}}],"collection":[{"href":"https:\/\/duraznohoy.com\/index.php?rest_route=\/wp\/v2\/posts"}],"about":[{"href":"https:\/\/duraznohoy.com\/index.php?rest_route=\/wp\/v2\/types\/post"}],"author":[{"embeddable":true,"href":"https:\/\/duraznohoy.com\/index.php?rest_route=\/wp\/v2\/users\/2"}],"replies":[{"embeddable":true,"href":"https:\/\/duraznohoy.com\/index.php?rest_route=%2Fwp%2Fv2%2Fcomments&post=32299"}],"version-history":[{"count":0,"href":"https:\/\/duraznohoy.com\/index.php?rest_route=\/wp\/v2\/posts\/32299\/revisions"}],"wp:featuredmedia":[{"embeddable":true,"href":"https:\/\/duraznohoy.com\/index.php?rest_route=\/wp\/v2\/media\/32300"}],"wp:attachment":[{"href":"https:\/\/duraznohoy.com\/index.php?rest_route=%2Fwp%2Fv2%2Fmedia&parent=32299"}],"wp:term":[{"taxonomy":"category","embeddable":true,"href":"https:\/\/duraznohoy.com\/index.php?rest_route=%2Fwp%2Fv2%2Fcategories&post=32299"},{"taxonomy":"post_tag","embeddable":true,"href":"https:\/\/duraznohoy.com\/index.php?rest_route=%2Fwp%2Fv2%2Ftags&post=32299"}],"curies":[{"name":"wp","href":"https:\/\/api.w.org\/{rel}","templated":true}]}}