{"id":32303,"date":"2022-06-02T22:27:45","date_gmt":"2022-06-03T01:27:45","guid":{"rendered":"http:\/\/duraznohoy.com\/?p=32303"},"modified":"2022-06-02T22:27:45","modified_gmt":"2022-06-03T01:27:45","slug":"entre-helechos-y-palmeras","status":"publish","type":"post","link":"https:\/\/duraznohoy.com\/?p=32303","title":{"rendered":"Entre helechos y palmeras."},"content":{"rendered":"<p><strong>El Jard\u00edn de Infantes N\u00b0 87 est\u00e1 cumpliendo 47 a\u00f1os y la poetisa Gloria Porto Fabila escribi\u00f3 y public\u00f3 hace un a\u00f1o en las redes un poema hermoso que compartimos.<\/strong><\/p>\n<p style=\"text-align: center;\"><strong><em>Entre helechos y palmeras.<\/em><\/strong><\/p>\n<p style=\"text-align: center;\"><em>La historia enmarca su entrada<\/em><\/p>\n<p style=\"text-align: center;\"><em>port\u00f3n de alas abiertas<\/em><\/p>\n<p style=\"text-align: center;\"><em>para adentrarte en un mundo<\/em><\/p>\n<p style=\"text-align: center;\"><em>de helechos y de palmeras&#8230;<\/em><\/p>\n<p style=\"text-align: center;\"><em>Sus patios guardan vivencias<\/em><\/p>\n<p style=\"text-align: center;\"><em>que d\u00eda a d\u00eda alimentan<\/em><\/p>\n<p style=\"text-align: center;\"><em>los sue\u00f1os de tantos ni\u00f1os<\/em><\/p>\n<p style=\"text-align: center;\"><em>que siempre a sus brazos llegan&#8230;<\/em><\/p>\n<p style=\"text-align: center;\"><em>Cantares de trinos dulces<\/em><\/p>\n<p style=\"text-align: center;\"><em>que con las risas se mezclan<\/em><\/p>\n<p style=\"text-align: center;\"><em>las aulas que con su magia<\/em><\/p>\n<p style=\"text-align: center;\"><em>de delantales se adue\u00f1an,<\/em><\/p>\n<p style=\"text-align: center;\"><em>para vestir de alegr\u00eda<\/em><\/p>\n<p style=\"text-align: center;\"><em>ma\u00f1ana y tarde que sue\u00f1an<\/em><\/p>\n<p style=\"text-align: center;\"><em>con dibujar el futuro<\/em><\/p>\n<p style=\"text-align: center;\"><em>entre cuentos y rayuelas&#8230;<\/em><\/p>\n<p style=\"text-align: center;\"><em>Que nunca olvides tu infancia<\/em><\/p>\n<p style=\"text-align: center;\"><em>con crayolas y acuarelas<\/em><\/p>\n<p style=\"text-align: center;\"><em>para que duerma su historia<\/em><\/p>\n<p style=\"text-align: center;\"><em>entre helechos y palmeras&#8230;<\/em><\/p>\n<p style=\"text-align: center;\">\n","protected":false},"excerpt":{"rendered":"<p>El Jard\u00edn de Infantes N\u00b0 87 est\u00e1 cumpliendo 47 a\u00f1os y la poetisa Gloria Porto&#8230;<\/p>\n","protected":false},"author":2,"featured_media":32304,"comment_status":"closed","ping_status":"closed","sticky":false,"template":"","format":"standard","meta":{"footnotes":"","jetpack_publicize_message":"{title}\n\n{excerpt}\n\n{url}","jetpack_publicize_feature_enabled":true,"jetpack_social_post_already_shared":true,"jetpack_social_options":{"image_generator_settings":{"template":"fullscreen","default_image_id":0,"font":"","enabled":false},"version":2},"_wpas_customize_per_network":false},"categories":[112],"tags":[],"class_list":["post-32303","post","type-post","status-publish","format-standard","has-post-thumbnail","hentry","category-aporte-literario"],"jetpack_publicize_connections":[],"_links":{"self":[{"href":"https:\/\/duraznohoy.com\/index.php?rest_route=\/wp\/v2\/posts\/32303","targetHints":{"allow":["GET"]}}],"collection":[{"href":"https:\/\/duraznohoy.com\/index.php?rest_route=\/wp\/v2\/posts"}],"about":[{"href":"https:\/\/duraznohoy.com\/index.php?rest_route=\/wp\/v2\/types\/post"}],"author":[{"embeddable":true,"href":"https:\/\/duraznohoy.com\/index.php?rest_route=\/wp\/v2\/users\/2"}],"replies":[{"embeddable":true,"href":"https:\/\/duraznohoy.com\/index.php?rest_route=%2Fwp%2Fv2%2Fcomments&post=32303"}],"version-history":[{"count":0,"href":"https:\/\/duraznohoy.com\/index.php?rest_route=\/wp\/v2\/posts\/32303\/revisions"}],"wp:featuredmedia":[{"embeddable":true,"href":"https:\/\/duraznohoy.com\/index.php?rest_route=\/wp\/v2\/media\/32304"}],"wp:attachment":[{"href":"https:\/\/duraznohoy.com\/index.php?rest_route=%2Fwp%2Fv2%2Fmedia&parent=32303"}],"wp:term":[{"taxonomy":"category","embeddable":true,"href":"https:\/\/duraznohoy.com\/index.php?rest_route=%2Fwp%2Fv2%2Fcategories&post=32303"},{"taxonomy":"post_tag","embeddable":true,"href":"https:\/\/duraznohoy.com\/index.php?rest_route=%2Fwp%2Fv2%2Ftags&post=32303"}],"curies":[{"name":"wp","href":"https:\/\/api.w.org\/{rel}","templated":true}]}}