{"id":32315,"date":"2022-06-04T10:42:32","date_gmt":"2022-06-04T13:42:32","guid":{"rendered":"http:\/\/duraznohoy.com\/?p=32315"},"modified":"2022-06-04T10:42:32","modified_gmt":"2022-06-04T13:42:32","slug":"1er-encuentro-de-direcciones-de-politicas-sociales","status":"publish","type":"post","link":"https:\/\/duraznohoy.com\/?p=32315","title":{"rendered":"1er. encuentro de Direcciones de pol\u00edticas sociales."},"content":{"rendered":"<p>Este viernes el Director de Promoci\u00f3n Social de la Intendencia de Durazno, Juan Jos\u00e9 Bruno en conjunto a la Asistente Social Andrea Chiminelli y el Coordinador de la Oficina de la Juventud Mat\u00edas Luj\u00e1n Puigvert expusieron en la ciudad de San Jos\u00e9, sobre el trabajo que se viene desarrollando en el \u00e1rea social y juventud de la Intendencia de Durazno.<\/p>\n<p><strong><img loading=\"lazy\" decoding=\"async\" class=\" wp-image-32317 alignright\" src=\"https:\/\/duraznohoy.com\/wp-content\/uploads\/2022\/06\/AMBIENTE-BRUNO2-300x533.jpg\" alt=\"\" width=\"223\" height=\"396\" srcset=\"https:\/\/duraznohoy.com\/wp-content\/uploads\/2022\/06\/AMBIENTE-BRUNO2-300x533.jpg 300w, https:\/\/duraznohoy.com\/wp-content\/uploads\/2022\/06\/AMBIENTE-BRUNO2.jpg 390w\" sizes=\"auto, (max-width: 223px) 100vw, 223px\" \/>Actividad por el D\u00eda del Medio Ambiente.<\/strong><\/p>\n<p>El domingo 5 de junio se celebra el D\u00eda Mundial del Medio Ambiente, el lema elegido para este a\u00f1o es <em><strong>\u201cUna sola Tierra\u201d<\/strong><\/em>, que nos llama a vivir de manera sostenible y en armon\u00eda con la naturaleza.<\/p>\n<p>En adhesi\u00f3n a esta importante fecha, la Intendencia de Durazno, a trav\u00e9s del Departamento de Desarrollo y Medio Ambiente, tiene previsto para esa jornada en el Parque de La Hispanidad, a partir de la hora 14:30, una actividad de sensibilizaci\u00f3n en la que se habilitar\u00e1 una muestra de todos los proyectos en los que se ha trabajado en relaci\u00f3n a este tema desde el gobierno departamental.<\/p>\n<p>&nbsp;<\/p>\n","protected":false},"excerpt":{"rendered":"<p>Este viernes el Director de Promoci\u00f3n Social de la Intendencia de Durazno, Juan Jos\u00e9 Bruno&#8230;<\/p>\n","protected":false},"author":2,"featured_media":32316,"comment_status":"closed","ping_status":"closed","sticky":false,"template":"","format":"standard","meta":{"footnotes":"","jetpack_publicize_message":"{title}\n\n{excerpt}\n\n{url}","jetpack_publicize_feature_enabled":true,"jetpack_social_post_already_shared":true,"jetpack_social_options":{"image_generator_settings":{"template":"fullscreen","default_image_id":0,"font":"","enabled":false},"version":2},"_wpas_customize_per_network":false},"categories":[33],"tags":[],"class_list":["post-32315","post","type-post","status-publish","format-standard","has-post-thumbnail","hentry","category-actualidad"],"jetpack_publicize_connections":[],"_links":{"self":[{"href":"https:\/\/duraznohoy.com\/index.php?rest_route=\/wp\/v2\/posts\/32315","targetHints":{"allow":["GET"]}}],"collection":[{"href":"https:\/\/duraznohoy.com\/index.php?rest_route=\/wp\/v2\/posts"}],"about":[{"href":"https:\/\/duraznohoy.com\/index.php?rest_route=\/wp\/v2\/types\/post"}],"author":[{"embeddable":true,"href":"https:\/\/duraznohoy.com\/index.php?rest_route=\/wp\/v2\/users\/2"}],"replies":[{"embeddable":true,"href":"https:\/\/duraznohoy.com\/index.php?rest_route=%2Fwp%2Fv2%2Fcomments&post=32315"}],"version-history":[{"count":0,"href":"https:\/\/duraznohoy.com\/index.php?rest_route=\/wp\/v2\/posts\/32315\/revisions"}],"wp:featuredmedia":[{"embeddable":true,"href":"https:\/\/duraznohoy.com\/index.php?rest_route=\/wp\/v2\/media\/32316"}],"wp:attachment":[{"href":"https:\/\/duraznohoy.com\/index.php?rest_route=%2Fwp%2Fv2%2Fmedia&parent=32315"}],"wp:term":[{"taxonomy":"category","embeddable":true,"href":"https:\/\/duraznohoy.com\/index.php?rest_route=%2Fwp%2Fv2%2Fcategories&post=32315"},{"taxonomy":"post_tag","embeddable":true,"href":"https:\/\/duraznohoy.com\/index.php?rest_route=%2Fwp%2Fv2%2Ftags&post=32315"}],"curies":[{"name":"wp","href":"https:\/\/api.w.org\/{rel}","templated":true}]}}