{"id":32323,"date":"2022-06-04T13:12:32","date_gmt":"2022-06-04T16:12:32","guid":{"rendered":"http:\/\/duraznohoy.com\/?p=32323"},"modified":"2022-06-04T13:12:32","modified_gmt":"2022-06-04T16:12:32","slug":"otra-roja","status":"publish","type":"post","link":"https:\/\/duraznohoy.com\/?p=32323","title":{"rendered":"Otra roja."},"content":{"rendered":"<p><strong><img loading=\"lazy\" decoding=\"async\" class=\"size-medium wp-image-32325 alignright\" src=\"https:\/\/duraznohoy.com\/wp-content\/uploads\/2022\/06\/duraznofc-4-300x200.jpg\" alt=\"\" width=\"300\" height=\"200\" srcset=\"https:\/\/duraznohoy.com\/wp-content\/uploads\/2022\/06\/duraznofc-4-300x200.jpg 300w, https:\/\/duraznohoy.com\/wp-content\/uploads\/2022\/06\/duraznofc-4-1024x683.jpg 1024w, https:\/\/duraznohoy.com\/wp-content\/uploads\/2022\/06\/duraznofc-4-768x512.jpg 768w, https:\/\/duraznohoy.com\/wp-content\/uploads\/2022\/06\/duraznofc-4-1536x1024.jpg 1536w, https:\/\/duraznohoy.com\/wp-content\/uploads\/2022\/06\/duraznofc-4-2048x1365.jpg 2048w\" sizes=\"auto, (max-width: 300px) 100vw, 300px\" \/>Se cumpli\u00f3 este mediod\u00eda la presentaci\u00f3n oficial del plantel y cuerpo t\u00e9cnico 2022, de Durazno F\u00fatbol Club que debuta por la tarde ante Salus por la Primera Divisi\u00f3n Amateur.<\/strong><\/p>\n<p>La actividad se cumpli\u00f3 en la Casa de los Deportes, con la presencia de Diego Forl\u00e1n y todos los impulsores del proyecto, el Intendente Carmelo Vidal\u00edn, el secretario Domingo Rielli y el Director de Promoci\u00f3n Sociasl Juan Jos\u00e9 Bruno.<\/p>\n<p>&nbsp;<\/p>\n<p><strong>Plantel<\/strong><\/p>\n<p>Agustin Monzon<\/p>\n<p>Andres Cabrera<\/p>\n<p>Braian Giamachippi<\/p>\n<p>Bruno Pinto<\/p>\n<p>Diego Curbelo<\/p>\n<p>Diego Viera<\/p>\n<p>Facundo Samaniego<\/p>\n<p>Fausto Gabriel Grunullu<\/p>\n<p>Gerardo Gasa\u00f1ol<\/p>\n<p>Gianluca Garcia Correa<\/p>\n<p>Javier Olazabal<\/p>\n<p>Jose Aguero<\/p>\n<p>Lucas Martinez<\/p>\n<p>Luis Barbat<\/p>\n<p>Marcos Soria<\/p>\n<p>Matias Deorta<\/p>\n<p>Mauro Olivera<\/p>\n<p>Nicolas Bravo<\/p>\n<p>Ronald Alvarez<\/p>\n<p>Walter Medina<\/p>\n<p>Washington Silva<\/p>\n<p><strong>Cuerpo T\u00e9cnico <\/strong><\/p>\n<p><img loading=\"lazy\" decoding=\"async\" class=\" wp-image-32326 alignleft\" src=\"https:\/\/duraznohoy.com\/wp-content\/uploads\/2022\/06\/duraznofc-5-300x160.jpg\" alt=\"\" width=\"240\" height=\"128\" srcset=\"https:\/\/duraznohoy.com\/wp-content\/uploads\/2022\/06\/duraznofc-5-300x160.jpg 300w, https:\/\/duraznohoy.com\/wp-content\/uploads\/2022\/06\/duraznofc-5-1024x547.jpg 1024w, https:\/\/duraznohoy.com\/wp-content\/uploads\/2022\/06\/duraznofc-5-768x411.jpg 768w, https:\/\/duraznohoy.com\/wp-content\/uploads\/2022\/06\/duraznofc-5-1536x821.jpg 1536w, https:\/\/duraznohoy.com\/wp-content\/uploads\/2022\/06\/duraznofc-5-2048x1095.jpg 2048w\" sizes=\"auto, (max-width: 240px) 100vw, 240px\" \/>DT Entrenador Ramiro Mart\u00ednez<\/p>\n<p>PF Prof. Claudio Grasiuso<\/p>\n<p>Entrenador Goleros Prof. Marcelo Salazar<\/p>\n<p>Delegado Sr. Richard Martinez<\/p>\n<p>Sanidad: Dres. Javier Bessonart y Mauricio Bertalm\u00edo, -Fisioterapeutas Javier Curbelo y Carlos Guill\u00e9n<\/p>\n<p>Utileria Sr. Jose Luis Gonz\u00e1lez<\/p>\n<p><strong>Entradas <\/strong><\/p>\n<p>La venta de entradas para el partido de hoy (valor $ 80 y ni\u00f1os hasta 12 a\u00f1os gratis), por disposici\u00f3n de la AUF, se realiza a trav\u00e9s de Red Pagos, <strong>no en boleter\u00edas.\u00a0\u00a0\u00a0\u00a0\u00a0 <\/strong><\/p>\n<p>Los horarios de Red Pagos de Oribe y Artigas; Camedur, hasta la hora 12.30; en Oribe, pr\u00f3ximo a Terminal Rod\u00f3 hasta la hora 13.00 y en TATA (Multiahorro) toda la tarde.<\/p>\n<p><strong>Comienza a las 15.00<\/strong><\/p>\n<p>El encuentro entre Durazno F\u00fatbol Club y Salus por la primera fecha de la Serie 1, se estar\u00e1 jugando desde la hora 15.00 en el estadio \u201cSilvestre Octavio Landoni\u201d.<\/p>\n<p>El p\u00fablico local tendr\u00e1 ingreso por la entrada principal; los visitantes -Salus FC- por tribuna Antonio\u00a0 Alzamendi.<\/p>\n","protected":false},"excerpt":{"rendered":"<p>Se cumpli\u00f3 este mediod\u00eda la presentaci\u00f3n oficial del plantel y cuerpo t\u00e9cnico 2022, de Durazno&#8230;<\/p>\n","protected":false},"author":2,"featured_media":32324,"comment_status":"closed","ping_status":"closed","sticky":false,"template":"","format":"standard","meta":{"footnotes":"","jetpack_publicize_message":"{title}\n\n{excerpt}\n\n{url}","jetpack_publicize_feature_enabled":true,"jetpack_social_post_already_shared":true,"jetpack_social_options":{"image_generator_settings":{"template":"fullscreen","default_image_id":0,"font":"","enabled":false},"version":2},"_wpas_customize_per_network":false},"categories":[148],"tags":[],"class_list":["post-32323","post","type-post","status-publish","format-standard","has-post-thumbnail","hentry","category-primera-division-amateur"],"jetpack_publicize_connections":[],"_links":{"self":[{"href":"https:\/\/duraznohoy.com\/index.php?rest_route=\/wp\/v2\/posts\/32323","targetHints":{"allow":["GET"]}}],"collection":[{"href":"https:\/\/duraznohoy.com\/index.php?rest_route=\/wp\/v2\/posts"}],"about":[{"href":"https:\/\/duraznohoy.com\/index.php?rest_route=\/wp\/v2\/types\/post"}],"author":[{"embeddable":true,"href":"https:\/\/duraznohoy.com\/index.php?rest_route=\/wp\/v2\/users\/2"}],"replies":[{"embeddable":true,"href":"https:\/\/duraznohoy.com\/index.php?rest_route=%2Fwp%2Fv2%2Fcomments&post=32323"}],"version-history":[{"count":0,"href":"https:\/\/duraznohoy.com\/index.php?rest_route=\/wp\/v2\/posts\/32323\/revisions"}],"wp:featuredmedia":[{"embeddable":true,"href":"https:\/\/duraznohoy.com\/index.php?rest_route=\/wp\/v2\/media\/32324"}],"wp:attachment":[{"href":"https:\/\/duraznohoy.com\/index.php?rest_route=%2Fwp%2Fv2%2Fmedia&parent=32323"}],"wp:term":[{"taxonomy":"category","embeddable":true,"href":"https:\/\/duraznohoy.com\/index.php?rest_route=%2Fwp%2Fv2%2Fcategories&post=32323"},{"taxonomy":"post_tag","embeddable":true,"href":"https:\/\/duraznohoy.com\/index.php?rest_route=%2Fwp%2Fv2%2Ftags&post=32323"}],"curies":[{"name":"wp","href":"https:\/\/api.w.org\/{rel}","templated":true}]}}