{"id":32353,"date":"2022-06-05T20:57:42","date_gmt":"2022-06-05T23:57:42","guid":{"rendered":"http:\/\/duraznohoy.com\/?p=32353"},"modified":"2022-06-05T20:57:42","modified_gmt":"2022-06-05T23:57:42","slug":"la-escuelita-se-destaca","status":"publish","type":"post","link":"https:\/\/duraznohoy.com\/?p=32353","title":{"rendered":"La Escuelita se destaca."},"content":{"rendered":"<p><strong><img loading=\"lazy\" decoding=\"async\" class=\"size-medium wp-image-32355 alignright\" src=\"https:\/\/duraznohoy.com\/wp-content\/uploads\/2022\/06\/ESCUELITACODECAM2.jpg-300x169.png\" alt=\"\" width=\"300\" height=\"169\" srcset=\"https:\/\/duraznohoy.com\/wp-content\/uploads\/2022\/06\/ESCUELITACODECAM2.jpg-300x169.png 300w, https:\/\/duraznohoy.com\/wp-content\/uploads\/2022\/06\/ESCUELITACODECAM2.jpg.png 687w\" sizes=\"auto, (max-width: 300px) 100vw, 300px\" \/>Se desarroll\u00f3 este domingo en la ciudad de Artigas la quinta y \u00faltima fecha del Torneo Apertura del Consejo de Categor\u00edas Menores (CODECAM). <\/strong><\/p>\n<p>Una delegaci\u00f3n perteneciente al Club Ciclista Escuela Durazno se represent\u00f3 al departamento, con excelentes resultados.<\/p>\n<p>En categor\u00eda 10 a\u00f1os, <strong>Santiago Fetter<\/strong> finaliz\u00f3 tercero y <strong>Emiliano Montalb\u00e1n<\/strong> fue quinto.<\/p>\n<p>En 11 y 12 a\u00f1os, triunfo para <strong>Ramiro Mart\u00ednez<\/strong>, segunda <strong>Julieta Albornoz<\/strong> y tercero <strong>Giovanni Mechell<\/strong>, todos ellos de la Escuela de Durazno.<\/p>\n<p>De esta manera, al finalizar la primera parte del a\u00f1o, Montalb\u00e1n finaliz\u00f3 vicecampe\u00f3n, Fetter tercero en 10 a\u00f1os.<\/p>\n<p>Ramiro Mart\u00ednez obtuvo el t\u00edtulo en 11 y 12, Julieta Albornoz vicecampe\u00f3n y campeona en ni\u00f1as; Giovanni Mechelk finaliz\u00f3 tercero.<\/p>\n<p>Felicitaciones a todos los peque\u00f1os grandes campeones, por defender y dejar en alto al deporte Duraznense!<\/p>\n<ul>\n<li>Fuente: Mauricio Delgado.<\/li>\n<\/ul>\n","protected":false},"excerpt":{"rendered":"<p>Se desarroll\u00f3 este domingo en la ciudad de Artigas la quinta y \u00faltima fecha del&#8230;<\/p>\n","protected":false},"author":2,"featured_media":32354,"comment_status":"closed","ping_status":"closed","sticky":false,"template":"","format":"standard","meta":{"footnotes":"","jetpack_publicize_message":"{title}\n\n{excerpt}\n\n{url}","jetpack_publicize_feature_enabled":true,"jetpack_social_post_already_shared":true,"jetpack_social_options":{"image_generator_settings":{"template":"fullscreen","default_image_id":0,"font":"","enabled":false},"version":2},"_wpas_customize_per_network":false},"categories":[120],"tags":[],"class_list":["post-32353","post","type-post","status-publish","format-standard","has-post-thumbnail","hentry","category-ciclismo"],"jetpack_publicize_connections":[],"_links":{"self":[{"href":"https:\/\/duraznohoy.com\/index.php?rest_route=\/wp\/v2\/posts\/32353","targetHints":{"allow":["GET"]}}],"collection":[{"href":"https:\/\/duraznohoy.com\/index.php?rest_route=\/wp\/v2\/posts"}],"about":[{"href":"https:\/\/duraznohoy.com\/index.php?rest_route=\/wp\/v2\/types\/post"}],"author":[{"embeddable":true,"href":"https:\/\/duraznohoy.com\/index.php?rest_route=\/wp\/v2\/users\/2"}],"replies":[{"embeddable":true,"href":"https:\/\/duraznohoy.com\/index.php?rest_route=%2Fwp%2Fv2%2Fcomments&post=32353"}],"version-history":[{"count":0,"href":"https:\/\/duraznohoy.com\/index.php?rest_route=\/wp\/v2\/posts\/32353\/revisions"}],"wp:featuredmedia":[{"embeddable":true,"href":"https:\/\/duraznohoy.com\/index.php?rest_route=\/wp\/v2\/media\/32354"}],"wp:attachment":[{"href":"https:\/\/duraznohoy.com\/index.php?rest_route=%2Fwp%2Fv2%2Fmedia&parent=32353"}],"wp:term":[{"taxonomy":"category","embeddable":true,"href":"https:\/\/duraznohoy.com\/index.php?rest_route=%2Fwp%2Fv2%2Fcategories&post=32353"},{"taxonomy":"post_tag","embeddable":true,"href":"https:\/\/duraznohoy.com\/index.php?rest_route=%2Fwp%2Fv2%2Ftags&post=32353"}],"curies":[{"name":"wp","href":"https:\/\/api.w.org\/{rel}","templated":true}]}}