{"id":32373,"date":"2022-06-07T12:51:13","date_gmt":"2022-06-07T15:51:13","guid":{"rendered":"http:\/\/duraznohoy.com\/?p=32373"},"modified":"2022-06-07T12:51:13","modified_gmt":"2022-06-07T15:51:13","slug":"de-verde","status":"publish","type":"post","link":"https:\/\/duraznohoy.com\/?p=32373","title":{"rendered":"De verde."},"content":{"rendered":"<p>Como parte de las pol\u00edticas de sensibilizaci\u00f3n y concientizaci\u00f3n a la poblaci\u00f3n que se impulsan desde la Intendencia de Durazno en el cuidado del medio ambiente, es que tres lugares de relevancia han sido iluminados de color verde.<\/p>\n<p>Es as\u00ed, que el Parque del Bicentenario, la p\u00e9rgola de la plaza Sarand\u00ed, como as\u00ed tambi\u00e9n los balcones del edificio central de la IDD, permanecer\u00e1n durante todo el mes de junio iluminados con ese color.<\/p>\n","protected":false},"excerpt":{"rendered":"<p>Como parte de las pol\u00edticas de sensibilizaci\u00f3n y concientizaci\u00f3n a la poblaci\u00f3n que se impulsan&#8230;<\/p>\n","protected":false},"author":2,"featured_media":32374,"comment_status":"closed","ping_status":"closed","sticky":false,"template":"","format":"standard","meta":{"footnotes":"","jetpack_publicize_message":"{title}\n\n{excerpt}\n\n{url}","jetpack_publicize_feature_enabled":true,"jetpack_social_post_already_shared":true,"jetpack_social_options":{"image_generator_settings":{"template":"fullscreen","default_image_id":0,"font":"","enabled":false},"version":2},"_wpas_customize_per_network":false},"categories":[33],"tags":[],"class_list":["post-32373","post","type-post","status-publish","format-standard","has-post-thumbnail","hentry","category-actualidad"],"jetpack_publicize_connections":[],"_links":{"self":[{"href":"https:\/\/duraznohoy.com\/index.php?rest_route=\/wp\/v2\/posts\/32373","targetHints":{"allow":["GET"]}}],"collection":[{"href":"https:\/\/duraznohoy.com\/index.php?rest_route=\/wp\/v2\/posts"}],"about":[{"href":"https:\/\/duraznohoy.com\/index.php?rest_route=\/wp\/v2\/types\/post"}],"author":[{"embeddable":true,"href":"https:\/\/duraznohoy.com\/index.php?rest_route=\/wp\/v2\/users\/2"}],"replies":[{"embeddable":true,"href":"https:\/\/duraznohoy.com\/index.php?rest_route=%2Fwp%2Fv2%2Fcomments&post=32373"}],"version-history":[{"count":0,"href":"https:\/\/duraznohoy.com\/index.php?rest_route=\/wp\/v2\/posts\/32373\/revisions"}],"wp:featuredmedia":[{"embeddable":true,"href":"https:\/\/duraznohoy.com\/index.php?rest_route=\/wp\/v2\/media\/32374"}],"wp:attachment":[{"href":"https:\/\/duraznohoy.com\/index.php?rest_route=%2Fwp%2Fv2%2Fmedia&parent=32373"}],"wp:term":[{"taxonomy":"category","embeddable":true,"href":"https:\/\/duraznohoy.com\/index.php?rest_route=%2Fwp%2Fv2%2Fcategories&post=32373"},{"taxonomy":"post_tag","embeddable":true,"href":"https:\/\/duraznohoy.com\/index.php?rest_route=%2Fwp%2Fv2%2Ftags&post=32373"}],"curies":[{"name":"wp","href":"https:\/\/api.w.org\/{rel}","templated":true}]}}