{"id":32377,"date":"2022-06-07T12:55:16","date_gmt":"2022-06-07T15:55:16","guid":{"rendered":"http:\/\/duraznohoy.com\/?p=32377"},"modified":"2022-06-07T13:00:05","modified_gmt":"2022-06-07T16:00:05","slug":"32377","status":"publish","type":"post","link":"https:\/\/duraznohoy.com\/?p=32377","title":{"rendered":"Sensibilizando."},"content":{"rendered":"<p><strong>Una jornada de concientizaci\u00f3n, educaci\u00f3n y sensibilizaci\u00f3n, sobre el d\u00eda Mundial del Medio Ambiente se realiz\u00f3 en forma conjunta entre Departamento de Desarrollo\u00a0 y Medio Ambiente de la Comuna y pasantes del Polo Tecnol\u00f3gico.<\/strong><\/p>\n<p><img loading=\"lazy\" decoding=\"async\" class=\"size-medium wp-image-32379 alignright\" src=\"https:\/\/duraznohoy.com\/wp-content\/uploads\/2022\/06\/AMBIENTE-IDD3-300x135.jpg\" alt=\"\" width=\"300\" height=\"135\" srcset=\"https:\/\/duraznohoy.com\/wp-content\/uploads\/2022\/06\/AMBIENTE-IDD3-300x135.jpg 300w, https:\/\/duraznohoy.com\/wp-content\/uploads\/2022\/06\/AMBIENTE-IDD3.jpg 721w\" sizes=\"auto, (max-width: 300px) 100vw, 300px\" \/>La actividad se cumpli\u00f3 el domingo 5 de junio en el Parque de La Hispanidad, donde se realiz\u00f3 una exposici\u00f3n en la que se presentaron proyectos que se est\u00e1n ejecutando como otros que est\u00e1n a punto de iniciar. Adem\u00e1s, se mostraron los diferentes pasos para realizar un compost domiciliario, que se realiza con el reciclado de tapabocas, con las colillas de cigarrillos y las tapitas pl\u00e1sticas.<\/p>\n<p>En conjunto con el Departamento de Servicios, se instal\u00f3 el primer botell\u00f3n para recolecci\u00f3n de envases pl\u00e1sticos domiciliarios.<\/p>\n<p>Estas actividades se realizar\u00e1n durante todo el mes de junio, en la ciudad de Durazno y localidades del interior, como las de este lunes que se desarrollaron tres talleres en los diferentes liceos p\u00fablicos de la capital departamental.<\/p>\n","protected":false},"excerpt":{"rendered":"<p>Una jornada de concientizaci\u00f3n, educaci\u00f3n y sensibilizaci\u00f3n, sobre el d\u00eda Mundial del Medio Ambiente se&#8230;<\/p>\n","protected":false},"author":2,"featured_media":32375,"comment_status":"closed","ping_status":"closed","sticky":false,"template":"","format":"standard","meta":{"footnotes":"","jetpack_publicize_message":"{title}\n\n{excerpt}\n\n{url}","jetpack_publicize_feature_enabled":true,"jetpack_social_post_already_shared":true,"jetpack_social_options":{"image_generator_settings":{"template":"fullscreen","default_image_id":0,"font":"","enabled":false},"version":2},"_wpas_customize_per_network":false},"categories":[33],"tags":[],"class_list":["post-32377","post","type-post","status-publish","format-standard","has-post-thumbnail","hentry","category-actualidad"],"jetpack_publicize_connections":[],"_links":{"self":[{"href":"https:\/\/duraznohoy.com\/index.php?rest_route=\/wp\/v2\/posts\/32377","targetHints":{"allow":["GET"]}}],"collection":[{"href":"https:\/\/duraznohoy.com\/index.php?rest_route=\/wp\/v2\/posts"}],"about":[{"href":"https:\/\/duraznohoy.com\/index.php?rest_route=\/wp\/v2\/types\/post"}],"author":[{"embeddable":true,"href":"https:\/\/duraznohoy.com\/index.php?rest_route=\/wp\/v2\/users\/2"}],"replies":[{"embeddable":true,"href":"https:\/\/duraznohoy.com\/index.php?rest_route=%2Fwp%2Fv2%2Fcomments&post=32377"}],"version-history":[{"count":0,"href":"https:\/\/duraznohoy.com\/index.php?rest_route=\/wp\/v2\/posts\/32377\/revisions"}],"wp:featuredmedia":[{"embeddable":true,"href":"https:\/\/duraznohoy.com\/index.php?rest_route=\/wp\/v2\/media\/32375"}],"wp:attachment":[{"href":"https:\/\/duraznohoy.com\/index.php?rest_route=%2Fwp%2Fv2%2Fmedia&parent=32377"}],"wp:term":[{"taxonomy":"category","embeddable":true,"href":"https:\/\/duraznohoy.com\/index.php?rest_route=%2Fwp%2Fv2%2Fcategories&post=32377"},{"taxonomy":"post_tag","embeddable":true,"href":"https:\/\/duraznohoy.com\/index.php?rest_route=%2Fwp%2Fv2%2Ftags&post=32377"}],"curies":[{"name":"wp","href":"https:\/\/api.w.org\/{rel}","templated":true}]}}