{"id":33211,"date":"2022-07-06T21:02:08","date_gmt":"2022-07-07T00:02:08","guid":{"rendered":"http:\/\/duraznohoy.com\/?p=33211"},"modified":"2022-07-06T21:02:08","modified_gmt":"2022-07-07T00:02:08","slug":"en-marcha","status":"publish","type":"post","link":"https:\/\/duraznohoy.com\/?p=33211","title":{"rendered":"En marcha."},"content":{"rendered":"<p><strong><img loading=\"lazy\" decoding=\"async\" class=\"size-medium wp-image-33212 alignright\" src=\"https:\/\/duraznohoy.com\/wp-content\/uploads\/2022\/07\/practica-300x150.jpg\" alt=\"\" width=\"300\" height=\"150\" srcset=\"https:\/\/duraznohoy.com\/wp-content\/uploads\/2022\/07\/practica-300x150.jpg 300w, https:\/\/duraznohoy.com\/wp-content\/uploads\/2022\/07\/practica-1024x513.jpg 1024w, https:\/\/duraznohoy.com\/wp-content\/uploads\/2022\/07\/practica-768x384.jpg 768w, https:\/\/duraznohoy.com\/wp-content\/uploads\/2022\/07\/practica-1536x769.jpg 1536w, https:\/\/duraznohoy.com\/wp-content\/uploads\/2022\/07\/practica.jpg 2048w\" sizes=\"auto, (max-width: 300px) 100vw, 300px\" \/>Ya est\u00e1n trabajando con sus respectivos cuerpos t\u00e9cnicos, los planteles seleccionados en Sub-14, 15 y 16.<\/strong><\/p>\n<p>La selecci\u00f3n Sub-16 de Durazno, bajo la direcci\u00f3n t\u00e9cnica de Luis D\u00edaz, realizo su primer movimiento en el Campus de Santa Bernardina.<\/p>\n<p>Bajo la direcci\u00f3n t\u00e9cnica de Fernando Molina y \u00c1lvaro Gabard, comenz\u00f3 a trabajar la selecci\u00f3n Sub-15 de Durazno.<\/p>\n<p>Los primeros movimientos se llevaron adelante en cancha de la Liga Senior.<\/p>\n<p>Por su parte, bajo la direcci\u00f3n t\u00e9cnica de Alfonso Dom\u00ednguez se inici\u00f3 el proceso de selecci\u00f3n Sub-14<\/p>\n<p>El DT rojo explic\u00f3 a Ganadores 960 que los entrenamientos ser\u00e1n diarios, aprovechando las dos semanas de vacaciones de julio.<\/p>\n<p>Los movimientos se llevaron adelante en conjunto con la selecci\u00f3n Sub-13, que tambi\u00e9n dirige tambi\u00e9n Alfonso Dom\u00ednguez.<\/p>\n<ul>\n<li><em><strong>Fuente Mauricio Delgado, Ganadores 960.<\/strong><\/em><\/li>\n<\/ul>\n","protected":false},"excerpt":{"rendered":"<p>Ya est\u00e1n trabajando con sus respectivos cuerpos t\u00e9cnicos, los planteles seleccionados en Sub-14, 15 y&#8230;<\/p>\n","protected":false},"author":2,"featured_media":33213,"comment_status":"closed","ping_status":"closed","sticky":false,"template":"","format":"standard","meta":{"footnotes":"","jetpack_publicize_message":"{title}\n\n{excerpt}\n\n{url}","jetpack_publicize_feature_enabled":true,"jetpack_social_post_already_shared":true,"jetpack_social_options":{"image_generator_settings":{"template":"fullscreen","default_image_id":0,"font":"","enabled":false},"version":2},"_wpas_customize_per_network":false},"categories":[99],"tags":[],"class_list":["post-33211","post","type-post","status-publish","format-standard","has-post-thumbnail","hentry","category-liga-de-futbol-ciudad-de-durazno"],"jetpack_publicize_connections":[],"_links":{"self":[{"href":"https:\/\/duraznohoy.com\/index.php?rest_route=\/wp\/v2\/posts\/33211","targetHints":{"allow":["GET"]}}],"collection":[{"href":"https:\/\/duraznohoy.com\/index.php?rest_route=\/wp\/v2\/posts"}],"about":[{"href":"https:\/\/duraznohoy.com\/index.php?rest_route=\/wp\/v2\/types\/post"}],"author":[{"embeddable":true,"href":"https:\/\/duraznohoy.com\/index.php?rest_route=\/wp\/v2\/users\/2"}],"replies":[{"embeddable":true,"href":"https:\/\/duraznohoy.com\/index.php?rest_route=%2Fwp%2Fv2%2Fcomments&post=33211"}],"version-history":[{"count":0,"href":"https:\/\/duraznohoy.com\/index.php?rest_route=\/wp\/v2\/posts\/33211\/revisions"}],"wp:featuredmedia":[{"embeddable":true,"href":"https:\/\/duraznohoy.com\/index.php?rest_route=\/wp\/v2\/media\/33213"}],"wp:attachment":[{"href":"https:\/\/duraznohoy.com\/index.php?rest_route=%2Fwp%2Fv2%2Fmedia&parent=33211"}],"wp:term":[{"taxonomy":"category","embeddable":true,"href":"https:\/\/duraznohoy.com\/index.php?rest_route=%2Fwp%2Fv2%2Fcategories&post=33211"},{"taxonomy":"post_tag","embeddable":true,"href":"https:\/\/duraznohoy.com\/index.php?rest_route=%2Fwp%2Fv2%2Ftags&post=33211"}],"curies":[{"name":"wp","href":"https:\/\/api.w.org\/{rel}","templated":true}]}}