{"id":33215,"date":"2022-07-07T00:50:37","date_gmt":"2022-07-07T03:50:37","guid":{"rendered":"http:\/\/duraznohoy.com\/?p=33215"},"modified":"2022-07-07T00:50:37","modified_gmt":"2022-07-07T03:50:37","slug":"caceres-desmintio-que-haya-recomendado-a-la-idd-la-contratacion-de-la-fundacion-a-ganar","status":"publish","type":"post","link":"https:\/\/duraznohoy.com\/?p=33215","title":{"rendered":"C\u00e1ceres desminti\u00f3 que haya recomendado a la IDD la contrataci\u00f3n de la Fundaci\u00f3n \u00abA Ganar\u00bb"},"content":{"rendered":"<p>En nota exclusiva enviada a Telenoticias el ex Director Nacional de Deportes se aparta del intendente Vidal\u00edn, quien dijo durante la interpelaci\u00f3n de este martes, que contrat\u00f3 a la Fundaci\u00f3n \u00abA Ganar\u00bb por recomendaci\u00f3n de \u00abmi amigo el Profesor Fernando C\u00e1ceres\u00bb, lo que trajo aparejado, en un cuarto intermedio la consulta telef\u00f3nica que le efectu\u00f3 el edil Pablo Revello, quien luego volc\u00f3 la opini\u00f3n de C\u00e1ceres durante la sesi\u00f3n.<\/p>\n<p>La nota enviada a nuestro noticiero por Fernando C\u00e1ceres es la siguiente:<\/p>\n<p>Estimados de Telenoticias<br \/>\nEn el d\u00eda de ayer me puse en contacto con el Intendente Vidal\u00edn a quien le expres\u00e9 mi opini\u00f3n respecto de sus manifestaciones p\u00fablicas, con el respeto correspondiente a una relaci\u00f3n de confianza y afecto que hemos construido en a\u00f1os de trabajo en conjunto.<\/p>\n<p>Por mi parte, s\u00f3lo debo decirle que en estos \u00faltimos dos a\u00f1os he declarado en numerosos medios de prensa respecto del desempe\u00f1o satisfactorio de la Fundaci\u00f3n \u00abA Ganar\u00bb en el cumplimiento de las tareas encomendadas por parte de la Secretar\u00eda Nacional del Deporte durante gobiernos anteriores.<\/p>\n<p>Eso mismo he dicho a quienes me consultaron durante los a\u00f1os en que estuve al frente de la Secretar\u00eda.<\/p>\n<p>Jam\u00e1s recomend\u00e9 a la Fundaci\u00f3n para ser contratada por otras entidades del Estado, ni antes, ni ahora.<\/p>\n<p>Tambi\u00e9n tom\u00e9 contacto con el edil Revello, a quien proporcion\u00e9 la informaci\u00f3n correspondiente, que motiv\u00f3 y fundament\u00f3 su intervenci\u00f3n en la Junta.<br \/>\nAs\u00ed concluye el comunicado enviado a nuestro noticiero por el Profesor Fernando C\u00e1ceres.<\/p>\n<p>Por Jos\u00e9 Luis Lig\u00fcera<\/p>\n","protected":false},"excerpt":{"rendered":"<p>En nota exclusiva enviada a Telenoticias el ex Director Nacional de Deportes se aparta del&#8230;<\/p>\n","protected":false},"author":1,"featured_media":33216,"comment_status":"closed","ping_status":"closed","sticky":false,"template":"","format":"standard","meta":{"footnotes":"","jetpack_publicize_message":"{title}\n\n{excerpt}\n\n{url}","jetpack_publicize_feature_enabled":true,"jetpack_social_post_already_shared":true,"jetpack_social_options":{"image_generator_settings":{"template":"fullscreen","default_image_id":0,"font":"","enabled":false},"version":2},"_wpas_customize_per_network":false},"categories":[33,155,36],"tags":[],"class_list":["post-33215","post","type-post","status-publish","format-standard","has-post-thumbnail","hentry","category-actualidad","category-intendencia","category-junta-departamental"],"jetpack_publicize_connections":[],"_links":{"self":[{"href":"https:\/\/duraznohoy.com\/index.php?rest_route=\/wp\/v2\/posts\/33215","targetHints":{"allow":["GET"]}}],"collection":[{"href":"https:\/\/duraznohoy.com\/index.php?rest_route=\/wp\/v2\/posts"}],"about":[{"href":"https:\/\/duraznohoy.com\/index.php?rest_route=\/wp\/v2\/types\/post"}],"author":[{"embeddable":true,"href":"https:\/\/duraznohoy.com\/index.php?rest_route=\/wp\/v2\/users\/1"}],"replies":[{"embeddable":true,"href":"https:\/\/duraznohoy.com\/index.php?rest_route=%2Fwp%2Fv2%2Fcomments&post=33215"}],"version-history":[{"count":0,"href":"https:\/\/duraznohoy.com\/index.php?rest_route=\/wp\/v2\/posts\/33215\/revisions"}],"wp:featuredmedia":[{"embeddable":true,"href":"https:\/\/duraznohoy.com\/index.php?rest_route=\/wp\/v2\/media\/33216"}],"wp:attachment":[{"href":"https:\/\/duraznohoy.com\/index.php?rest_route=%2Fwp%2Fv2%2Fmedia&parent=33215"}],"wp:term":[{"taxonomy":"category","embeddable":true,"href":"https:\/\/duraznohoy.com\/index.php?rest_route=%2Fwp%2Fv2%2Fcategories&post=33215"},{"taxonomy":"post_tag","embeddable":true,"href":"https:\/\/duraznohoy.com\/index.php?rest_route=%2Fwp%2Fv2%2Ftags&post=33215"}],"curies":[{"name":"wp","href":"https:\/\/api.w.org\/{rel}","templated":true}]}}