{"id":33218,"date":"2022-07-07T19:02:13","date_gmt":"2022-07-07T22:02:13","guid":{"rendered":"http:\/\/duraznohoy.com\/?p=33218"},"modified":"2022-07-07T19:02:13","modified_gmt":"2022-07-07T22:02:13","slug":"triple-impacto-en-el-interior","status":"publish","type":"post","link":"https:\/\/duraznohoy.com\/?p=33218","title":{"rendered":"Triple Impacto en el interior"},"content":{"rendered":"<p><img loading=\"lazy\" decoding=\"async\" class=\"alignnone size-medium wp-image-33219\" src=\"https:\/\/duraznohoy.com\/wp-content\/uploads\/2022\/07\/SAVE_20220707_185930-300x300.jpg\" alt=\"\" width=\"300\" height=\"300\" srcset=\"https:\/\/duraznohoy.com\/wp-content\/uploads\/2022\/07\/SAVE_20220707_185930-300x300.jpg 300w, https:\/\/duraznohoy.com\/wp-content\/uploads\/2022\/07\/SAVE_20220707_185930-150x150.jpg 150w, https:\/\/duraznohoy.com\/wp-content\/uploads\/2022\/07\/SAVE_20220707_185930-768x768.jpg 768w, https:\/\/duraznohoy.com\/wp-content\/uploads\/2022\/07\/SAVE_20220707_185930.jpg 1024w\" sizes=\"auto, (max-width: 300px) 100vw, 300px\" \/><\/p>\n<p>Quedaron\u00a0 formalmente habilitados los cinco locales de exposici\u00f3n y venta para emprendedores del interior del departamento, a trav\u00e9s del proyecto Triple Impacto que lleva adelante el Departamento de Desarrollo de la Intendencia de Durazno, con financiamiento del Programa de las Naciones Unidas para el Desarrollo (PNUD) y fondos propios de la Intendencia Departamental de Durazno (IDD), con colaboraci\u00f3n de la Universidad Tecnol\u00f3gica (UTEC) y Redex Uruguay.<\/p>\n<p>Los locales antes mencionados est\u00e1n ubicados en La Paloma, Blanquillo, Sarand\u00ed del Yi, Carlos Reyles y Centenario.<\/p>\n<p>En el momento de su habilitaci\u00f3n formal, se cont\u00f3 con la presencia del secretario general de la IDD, Domingo Rielli, el director del Departamento de Desarrollo y Medio Ambiente, Claudio Pi\u00f1eyro y de autoridades del PNUD.<\/p>\n<p>El proyecto adem\u00e1s tiene un componente ambiental importante donde UTEC lleva adelante a trav\u00e9s de sus docentes y estudiantes la iniciativa de transformar las pilas de litio en una segunda vida, lo que permitir\u00e1 innovar en el desarrollo de la econom\u00eda circular del departamento.<\/p>\n","protected":false},"excerpt":{"rendered":"<p>Quedaron\u00a0 formalmente habilitados los cinco locales de exposici\u00f3n y venta para emprendedores del interior del&#8230;<\/p>\n","protected":false},"author":26,"featured_media":33219,"comment_status":"closed","ping_status":"closed","sticky":false,"template":"","format":"standard","meta":{"footnotes":"","jetpack_publicize_message":"{title}\n\n{excerpt}\n\n{url}","jetpack_publicize_feature_enabled":true,"jetpack_social_post_already_shared":true,"jetpack_social_options":{"image_generator_settings":{"template":"fullscreen","default_image_id":0,"font":"","enabled":false},"version":2},"_wpas_customize_per_network":false},"categories":[33],"tags":[],"class_list":["post-33218","post","type-post","status-publish","format-standard","has-post-thumbnail","hentry","category-actualidad"],"jetpack_publicize_connections":[],"_links":{"self":[{"href":"https:\/\/duraznohoy.com\/index.php?rest_route=\/wp\/v2\/posts\/33218","targetHints":{"allow":["GET"]}}],"collection":[{"href":"https:\/\/duraznohoy.com\/index.php?rest_route=\/wp\/v2\/posts"}],"about":[{"href":"https:\/\/duraznohoy.com\/index.php?rest_route=\/wp\/v2\/types\/post"}],"author":[{"embeddable":true,"href":"https:\/\/duraznohoy.com\/index.php?rest_route=\/wp\/v2\/users\/26"}],"replies":[{"embeddable":true,"href":"https:\/\/duraznohoy.com\/index.php?rest_route=%2Fwp%2Fv2%2Fcomments&post=33218"}],"version-history":[{"count":0,"href":"https:\/\/duraznohoy.com\/index.php?rest_route=\/wp\/v2\/posts\/33218\/revisions"}],"wp:featuredmedia":[{"embeddable":true,"href":"https:\/\/duraznohoy.com\/index.php?rest_route=\/wp\/v2\/media\/33219"}],"wp:attachment":[{"href":"https:\/\/duraznohoy.com\/index.php?rest_route=%2Fwp%2Fv2%2Fmedia&parent=33218"}],"wp:term":[{"taxonomy":"category","embeddable":true,"href":"https:\/\/duraznohoy.com\/index.php?rest_route=%2Fwp%2Fv2%2Fcategories&post=33218"},{"taxonomy":"post_tag","embeddable":true,"href":"https:\/\/duraznohoy.com\/index.php?rest_route=%2Fwp%2Fv2%2Ftags&post=33218"}],"curies":[{"name":"wp","href":"https:\/\/api.w.org\/{rel}","templated":true}]}}