{"id":33221,"date":"2022-07-07T19:04:35","date_gmt":"2022-07-07T22:04:35","guid":{"rendered":"http:\/\/duraznohoy.com\/?p=33221"},"modified":"2022-07-07T19:04:35","modified_gmt":"2022-07-07T22:04:35","slug":"reunion-de-autoridades","status":"publish","type":"post","link":"https:\/\/duraznohoy.com\/?p=33221","title":{"rendered":"Reuni\u00f3n de autoridades"},"content":{"rendered":"<p><img loading=\"lazy\" decoding=\"async\" class=\"alignnone size-medium wp-image-33222\" src=\"https:\/\/duraznohoy.com\/wp-content\/uploads\/2022\/07\/SAVE_20220707_190243-300x400.jpg\" alt=\"\" width=\"300\" height=\"400\" srcset=\"https:\/\/duraznohoy.com\/wp-content\/uploads\/2022\/07\/SAVE_20220707_190243-300x400.jpg 300w, https:\/\/duraznohoy.com\/wp-content\/uploads\/2022\/07\/SAVE_20220707_190243-768x1024.jpg 768w, https:\/\/duraznohoy.com\/wp-content\/uploads\/2022\/07\/SAVE_20220707_190243-1152x1536.jpg 1152w, https:\/\/duraznohoy.com\/wp-content\/uploads\/2022\/07\/SAVE_20220707_190243-1024x1365.jpg 1024w, https:\/\/duraznohoy.com\/wp-content\/uploads\/2022\/07\/SAVE_20220707_190243.jpg 1536w\" sizes=\"auto, (max-width: 300px) 100vw, 300px\" \/><\/p>\n<p>El Intendente de Durazno Lic. Carmelo Vidal\u00edn mantuvo una reuni\u00f3n con el Lic. Mag\u00edster Stefan Liller, Representante Residente en Uruguay de las Naciones Unidas, oportunidad en la que se abordaron diferentes temas de inter\u00e9s com\u00fan.<\/p>\n<p>El encuentro fue propicio para que el diplom\u00e1tico extranjero se despidiera del Intendente Vidal\u00edn ya que concluye su misi\u00f3n en nuestro pa\u00eds para hacerse cargo de otro destino.<\/p>\n<p>Stefan Liller, quien lleg\u00f3 a Uruguay en marzo de 2019, es originario de Suecia, cuenta con m\u00e1s de 15 a\u00f1os de experiencia en cooperaci\u00f3n para el desarrollo para las Naciones Unidas. Ha trabajado a nivel de sede, oficinas regionales y de campo en Europa del Este, Asia, \u00c1frica y Am\u00e9rica Latina.<\/p>\n<p>Se ha desempe\u00f1ado como Representante Adjunto del Programa de las Naciones Unidas Para el Desarrollo (PNUD) en Moldavia, Representante Adjunto interino en Ucrania y Kazajist\u00e1n, Representante Residente Asistente en Uzbekist\u00e1n y director de Pa\u00eds Asistente en Vietnam.<\/p>\n<p>Asimismo, fue Representante Adjunto Regional de la Oficina de las Naciones Unidas contra la Droga y el Delito (ONUDD) en \u00c1frica del Este. Se especializa en planificaci\u00f3n, programaci\u00f3n y promoci\u00f3n de pol\u00edticas, movilizaci\u00f3n de recursos, con \u00e9nfasis en programas e iniciativas innovadoras que promueven los Objetivos de Desarrollo Sostenible (ODS).<\/p>\n<p>Es licenciado y mag\u00edster en Derecho y en Administraci\u00f3n de Empresas y Econom\u00eda por la Universidad de Estocolmo.<\/p>\n","protected":false},"excerpt":{"rendered":"<p>El Intendente de Durazno Lic. Carmelo Vidal\u00edn mantuvo una reuni\u00f3n con el Lic. Mag\u00edster Stefan&#8230;<\/p>\n","protected":false},"author":26,"featured_media":33222,"comment_status":"closed","ping_status":"closed","sticky":false,"template":"","format":"standard","meta":{"footnotes":"","jetpack_publicize_message":"{title}\n\n{excerpt}\n\n{url}","jetpack_publicize_feature_enabled":true,"jetpack_social_post_already_shared":true,"jetpack_social_options":{"image_generator_settings":{"template":"fullscreen","default_image_id":0,"font":"","enabled":false},"version":2},"_wpas_customize_per_network":false},"categories":[33],"tags":[],"class_list":["post-33221","post","type-post","status-publish","format-standard","has-post-thumbnail","hentry","category-actualidad"],"jetpack_publicize_connections":[],"_links":{"self":[{"href":"https:\/\/duraznohoy.com\/index.php?rest_route=\/wp\/v2\/posts\/33221","targetHints":{"allow":["GET"]}}],"collection":[{"href":"https:\/\/duraznohoy.com\/index.php?rest_route=\/wp\/v2\/posts"}],"about":[{"href":"https:\/\/duraznohoy.com\/index.php?rest_route=\/wp\/v2\/types\/post"}],"author":[{"embeddable":true,"href":"https:\/\/duraznohoy.com\/index.php?rest_route=\/wp\/v2\/users\/26"}],"replies":[{"embeddable":true,"href":"https:\/\/duraznohoy.com\/index.php?rest_route=%2Fwp%2Fv2%2Fcomments&post=33221"}],"version-history":[{"count":0,"href":"https:\/\/duraznohoy.com\/index.php?rest_route=\/wp\/v2\/posts\/33221\/revisions"}],"wp:featuredmedia":[{"embeddable":true,"href":"https:\/\/duraznohoy.com\/index.php?rest_route=\/wp\/v2\/media\/33222"}],"wp:attachment":[{"href":"https:\/\/duraznohoy.com\/index.php?rest_route=%2Fwp%2Fv2%2Fmedia&parent=33221"}],"wp:term":[{"taxonomy":"category","embeddable":true,"href":"https:\/\/duraznohoy.com\/index.php?rest_route=%2Fwp%2Fv2%2Fcategories&post=33221"},{"taxonomy":"post_tag","embeddable":true,"href":"https:\/\/duraznohoy.com\/index.php?rest_route=%2Fwp%2Fv2%2Ftags&post=33221"}],"curies":[{"name":"wp","href":"https:\/\/api.w.org\/{rel}","templated":true}]}}