{"id":33225,"date":"2022-07-07T22:03:30","date_gmt":"2022-07-08T01:03:30","guid":{"rendered":"http:\/\/duraznohoy.com\/?p=33225"},"modified":"2022-07-07T22:03:30","modified_gmt":"2022-07-08T01:03:30","slug":"los-analfabetos-de-hoy","status":"publish","type":"post","link":"https:\/\/duraznohoy.com\/?p=33225","title":{"rendered":"Los analfabetos de hoy."},"content":{"rendered":"<p><em><strong>Analfabetos<\/strong><\/em><\/p>\n<p>Por <strong><em>Jes\u00fas Quintero<\/em><\/strong><\/p>\n<p>Siempre ha habido analfabetos, pero la incultura y la ignorancia siempre se hab\u00edan vivido como una verg\u00fcenza.<\/p>\n<p>Nunca como ahora la gente hab\u00eda presumido de no haberse le\u00eddo un puto libro en su jodida vida, de no importarle nada que pueda oler levemente a cultura o que exija una inteligencia m\u00ednimamente superior a la del primate.<\/p>\n<p>Los analfabetos de hoy son los peores porque en la mayor\u00eda de los casos han tenido acceso a la educaci\u00f3n, saben leer y escribir, pero no ejercen.<\/p>\n<p>Cada d\u00eda son m\u00e1s y cada d\u00eda el mercado los cuida m\u00e1s y piensa m\u00e1s en ellos.<\/p>\n<p>La televisi\u00f3n cada vez se hace m\u00e1s a su medida.<\/p>\n<p>Las parrillas de los distintos canales compiten en ofrecer programas pensados para una gente que no lee, que no entiende, que pasa de la cultura, que quiere que la diviertan o que la distraigan, aunque sea con los cr\u00edmenes m\u00e1s brutales o con los m\u00e1s sucios trapos de portera.<\/p>\n<p>El mundo entero se est\u00e1 creando a la medida de esta nueva mayor\u00eda, amigos.<\/p>\n<p>Todo es superficial, fr\u00edvolo, elemental, primario\u2026 para que ellos puedan entenderlo y digerirlo.<\/p>\n<p>Esos son socialmente la nueva clase dominante, aunque siempre ser\u00e1 la clase dominada, precisamente por su analfabetismo y su incultura, la que impone su falta de gusto y sus morbosas reglas.<\/p>\n<p>Y as\u00ed nos va a los que no nos conformamos con tan poco, a los que aspiramos a un poco m\u00e1s de profundidad.<\/p>\n<p>Un poquito ma&#8217; hombre\u2026<\/p>\n<p><strong><em><img loading=\"lazy\" decoding=\"async\" class=\"wp-image-33227 alignright\" src=\"https:\/\/duraznohoy.com\/wp-content\/uploads\/2022\/07\/guerrero.jpg\" alt=\"\" width=\"131\" height=\"87\" \/>*Jes\u00fas Rodr\u00edguez Quintero (nacido el 18 de agosto de 1940) es un periodista, editor y presentador de programas espa\u00f1oles en radio y televisi\u00f3n, conocido en los medios como Jes\u00fas Quintero<\/em><\/strong> .<\/p>\n","protected":false},"excerpt":{"rendered":"<p>Analfabetos Por Jes\u00fas Quintero Siempre ha habido analfabetos, pero la incultura y la ignorancia siempre&#8230;<\/p>\n","protected":false},"author":2,"featured_media":33226,"comment_status":"closed","ping_status":"closed","sticky":false,"template":"","format":"standard","meta":{"footnotes":"","jetpack_publicize_message":"{title}\n\n{excerpt}\n\n{url}","jetpack_publicize_feature_enabled":true,"jetpack_social_post_already_shared":true,"jetpack_social_options":{"image_generator_settings":{"template":"fullscreen","default_image_id":0,"font":"","enabled":false},"version":2},"_wpas_customize_per_network":false},"categories":[156],"tags":[],"class_list":["post-33225","post","type-post","status-publish","format-standard","has-post-thumbnail","hentry","category-de-trazo-ajeno"],"jetpack_publicize_connections":[],"_links":{"self":[{"href":"https:\/\/duraznohoy.com\/index.php?rest_route=\/wp\/v2\/posts\/33225","targetHints":{"allow":["GET"]}}],"collection":[{"href":"https:\/\/duraznohoy.com\/index.php?rest_route=\/wp\/v2\/posts"}],"about":[{"href":"https:\/\/duraznohoy.com\/index.php?rest_route=\/wp\/v2\/types\/post"}],"author":[{"embeddable":true,"href":"https:\/\/duraznohoy.com\/index.php?rest_route=\/wp\/v2\/users\/2"}],"replies":[{"embeddable":true,"href":"https:\/\/duraznohoy.com\/index.php?rest_route=%2Fwp%2Fv2%2Fcomments&post=33225"}],"version-history":[{"count":0,"href":"https:\/\/duraznohoy.com\/index.php?rest_route=\/wp\/v2\/posts\/33225\/revisions"}],"wp:featuredmedia":[{"embeddable":true,"href":"https:\/\/duraznohoy.com\/index.php?rest_route=\/wp\/v2\/media\/33226"}],"wp:attachment":[{"href":"https:\/\/duraznohoy.com\/index.php?rest_route=%2Fwp%2Fv2%2Fmedia&parent=33225"}],"wp:term":[{"taxonomy":"category","embeddable":true,"href":"https:\/\/duraznohoy.com\/index.php?rest_route=%2Fwp%2Fv2%2Fcategories&post=33225"},{"taxonomy":"post_tag","embeddable":true,"href":"https:\/\/duraznohoy.com\/index.php?rest_route=%2Fwp%2Fv2%2Ftags&post=33225"}],"curies":[{"name":"wp","href":"https:\/\/api.w.org\/{rel}","templated":true}]}}