{"id":35244,"date":"2022-10-20T20:50:05","date_gmt":"2022-10-20T23:50:05","guid":{"rendered":"http:\/\/duraznohoy.com\/?p=35244"},"modified":"2022-10-20T20:50:05","modified_gmt":"2022-10-20T23:50:05","slug":"yo-estudio-y-trabajo-3","status":"publish","type":"post","link":"https:\/\/duraznohoy.com\/?p=35244","title":{"rendered":"Yo estudio y trabajo"},"content":{"rendered":"<p><img loading=\"lazy\" decoding=\"async\" src=\"https:\/\/duraznohoy.com\/wp-content\/uploads\/2022\/10\/WhatsApp-Image-2022-10-20-at-1.38.44-PM-300x300.jpeg\" alt=\"\" width=\"300\" height=\"300\" class=\"alignnone size-medium wp-image-35245\" srcset=\"https:\/\/duraznohoy.com\/wp-content\/uploads\/2022\/10\/WhatsApp-Image-2022-10-20-at-1.38.44-PM-300x300.jpeg 300w, https:\/\/duraznohoy.com\/wp-content\/uploads\/2022\/10\/WhatsApp-Image-2022-10-20-at-1.38.44-PM-150x150.jpeg 150w, https:\/\/duraznohoy.com\/wp-content\/uploads\/2022\/10\/WhatsApp-Image-2022-10-20-at-1.38.44-PM.jpeg 750w\" sizes=\"auto, (max-width: 300px) 100vw, 300px\" \/><br \/>\nSe abri\u00f3 la convocatoria para la 11\u00b0 edici\u00f3n del programa Yo estudio y trabajo dirigida a j\u00f3venes de entre 16 y 20 a\u00f1os, que se encuentren estudiando y no cuenten con experiencia laboral formal (o, si la tienen, que sea menor a 90 d\u00edas) para formar parte del Programa Yo Estudio y Trabajo, mediante sorteo p\u00fablico.<br \/>\nEl principal objetivo es ofrecer una primera experiencia laboral formal a j\u00f3venes estudiantes, de entre 16 y 20 a\u00f1os, que no cuentan con experiencia laboral formal previa, que les permita desempe\u00f1arse en el mercado de trabajo, asegurando su continuidad educativa y brindando la posibilidad al joven de desarrollar competencias transversales vinculadas al mundo laboral (orientaci\u00f3n a objetivos, trabajo en equipo y adaptaci\u00f3n al cambio\/flexibilidad, entre otras).<br \/>\nLos j\u00f3venes, deben estar inscriptos en un curso que vaya a comenzar pr\u00f3ximamente o estar curs\u00e1ndolo. Puede ser educaci\u00f3n formal (liceo, UTU, Universidad, etc.) o no formal. Los cursos de educaci\u00f3n no formal deben tener una carga horaria m\u00ednima de 240 horas en total y pertenecer a instituciones registradas y\/o habilitadas por MEC, ANEP, o INEFOP.<br \/>\nAdem\u00e1s no deben estar trabajando actualmente y no haber tenido experiencia laboral formal mayor a 90 d\u00edas continuos o, en caso de ser discontinuos, no podr\u00e1 ser mayor a 90 d\u00edas en un per\u00edodo de dos a\u00f1os.<br \/>\nLos j\u00f3venes deber\u00e1n inscribirse, exclusivamente, completando el formulario de inscripci\u00f3n que estar\u00e1 disponible en la p\u00e1gina web: www.inscripcion.com.uy desde las 00:00 horas del d\u00eda 26 de octubre de 2022 hasta las 23:59 horas del d\u00eda 2 de noviembre de 2022.<br \/>\nEl sorteo se realizar\u00e1 para todas las localidades el 7 de noviembre de 2022 y la publicaci\u00f3n de la lista resultante se realizar\u00e1 el d\u00eda 8 de noviembre de 2022 a trav\u00e9s de la p\u00e1gina web del Ministerio de Trabajo y Seguridad Social: https:\/\/www.gub.uy\/ministerio-trabajo-seguridad-social\/<\/p>\n","protected":false},"excerpt":{"rendered":"<p>Se abri\u00f3 la convocatoria para la 11\u00b0 edici\u00f3n del programa Yo estudio y trabajo dirigida&#8230;<\/p>\n","protected":false},"author":26,"featured_media":35245,"comment_status":"closed","ping_status":"closed","sticky":false,"template":"","format":"standard","meta":{"footnotes":"","jetpack_publicize_message":"{title}\n\n{excerpt}\n\n{url}","jetpack_publicize_feature_enabled":true,"jetpack_social_post_already_shared":true,"jetpack_social_options":{"image_generator_settings":{"template":"fullscreen","default_image_id":0,"font":"","enabled":false},"version":2},"_wpas_customize_per_network":false},"categories":[33],"tags":[],"class_list":["post-35244","post","type-post","status-publish","format-standard","has-post-thumbnail","hentry","category-actualidad"],"jetpack_publicize_connections":[],"_links":{"self":[{"href":"https:\/\/duraznohoy.com\/index.php?rest_route=\/wp\/v2\/posts\/35244","targetHints":{"allow":["GET"]}}],"collection":[{"href":"https:\/\/duraznohoy.com\/index.php?rest_route=\/wp\/v2\/posts"}],"about":[{"href":"https:\/\/duraznohoy.com\/index.php?rest_route=\/wp\/v2\/types\/post"}],"author":[{"embeddable":true,"href":"https:\/\/duraznohoy.com\/index.php?rest_route=\/wp\/v2\/users\/26"}],"replies":[{"embeddable":true,"href":"https:\/\/duraznohoy.com\/index.php?rest_route=%2Fwp%2Fv2%2Fcomments&post=35244"}],"version-history":[{"count":0,"href":"https:\/\/duraznohoy.com\/index.php?rest_route=\/wp\/v2\/posts\/35244\/revisions"}],"wp:featuredmedia":[{"embeddable":true,"href":"https:\/\/duraznohoy.com\/index.php?rest_route=\/wp\/v2\/media\/35245"}],"wp:attachment":[{"href":"https:\/\/duraznohoy.com\/index.php?rest_route=%2Fwp%2Fv2%2Fmedia&parent=35244"}],"wp:term":[{"taxonomy":"category","embeddable":true,"href":"https:\/\/duraznohoy.com\/index.php?rest_route=%2Fwp%2Fv2%2Fcategories&post=35244"},{"taxonomy":"post_tag","embeddable":true,"href":"https:\/\/duraznohoy.com\/index.php?rest_route=%2Fwp%2Fv2%2Ftags&post=35244"}],"curies":[{"name":"wp","href":"https:\/\/api.w.org\/{rel}","templated":true}]}}