{"id":36825,"date":"2022-12-24T10:29:50","date_gmt":"2022-12-24T13:29:50","guid":{"rendered":"http:\/\/duraznohoy.com\/?p=36825"},"modified":"2022-12-24T10:29:50","modified_gmt":"2022-12-24T13:29:50","slug":"cecoed-alerta-ante-avance-de-covid","status":"publish","type":"post","link":"https:\/\/duraznohoy.com\/?p=36825","title":{"rendered":"Cecoed alerta ante avance de Covid"},"content":{"rendered":"<p><img loading=\"lazy\" decoding=\"async\" src=\"https:\/\/duraznohoy.com\/wp-content\/uploads\/2022\/12\/WhatsApp-Image-2022-12-22-at-14.56.29-300x225.jpeg\" alt=\"\" width=\"300\" height=\"225\" class=\"alignnone size-medium wp-image-36826\" srcset=\"https:\/\/duraznohoy.com\/wp-content\/uploads\/2022\/12\/WhatsApp-Image-2022-12-22-at-14.56.29-300x225.jpeg 300w, https:\/\/duraznohoy.com\/wp-content\/uploads\/2022\/12\/WhatsApp-Image-2022-12-22-at-14.56.29-1024x768.jpeg 1024w, https:\/\/duraznohoy.com\/wp-content\/uploads\/2022\/12\/WhatsApp-Image-2022-12-22-at-14.56.29-768x576.jpeg 768w, https:\/\/duraznohoy.com\/wp-content\/uploads\/2022\/12\/WhatsApp-Image-2022-12-22-at-14.56.29-1536x1152.jpeg 1536w, https:\/\/duraznohoy.com\/wp-content\/uploads\/2022\/12\/WhatsApp-Image-2022-12-22-at-14.56.29.jpeg 1600w\" sizes=\"auto, (max-width: 300px) 100vw, 300px\" \/><br \/>\nSe desarroll\u00f3 una reuni\u00f3n del Comit\u00e9 Departamental de Emergencias de Durazno, oportunidad en la que se analiz\u00f3 la situaci\u00f3n actual referente al aumento de casos positivos de Covid-19.<br \/>\nEn tal sentido, luego de escuchar el informe de la Dra. Cristina Coirolo (Directora del Hospital Dr. Emilio Penza), se entendi\u00f3 oportuno realizar algunas recomendaciones a la poblaci\u00f3n que apuntan a disminuir el n\u00famero de contagios, siguiendo las pautas establecidas por el Ministerio de Salud P\u00fablica que indican:<br \/>\n1. Completar la vacunaci\u00f3n contra covid-19 seg\u00fan el plan nacional vigente, as\u00ed como de las vacunas del Certificado Nacional de Vacunaci\u00f3n seg\u00fan el calendario nacional vigente.<br \/>\n2. Recordar y adherir a las medidas de prevenci\u00f3n dirigidas a Infecciones respiratorias especialmente en lo concerniente a la ventilaci\u00f3n cruzada de los ambientes (que busca generar corrientes de aire natural dentro de espacios cerrados, que permitan no s\u00f3lo ventilar, sino tambi\u00e9n renovar el aire) y el uso de mascarillas en las situaciones previstas en las recomendaciones vigentes de junio pasado.<br \/>\n3. Realizar la consulta inmediata ante cualquier sintomatolog\u00eda respiratoria iniciando aislamiento de forma inmediata y hasta recomendaci\u00f3n m\u00e9dica.<br \/>\n4. Uso obligatorio de la mascarilla facial:<br \/>\nPersonas con sintomatolog\u00eda respiratoria que mantengan contacto con otras personas por el plazo en que dure la sintomatolog\u00eda o hasta que se establezca el correcto diagn\u00f3stico.<br \/>\nPersonal sanitario con atenci\u00f3n regular directa a p\u00fablico o pacientes siguiendo las recomendaciones.<br \/>\nTodo usuario que ingrese y\/o permanezca en un centro de salud, entendiendo como \u201cusuario\u201d a toda persona que utilice los servicios del centro de salud, en cualquier nivel asistencial, incluidos proveedores y personas que ofician como acompa\u00f1antes de pacientes.<br \/>\nFuncionarios encargados del cuidado de grupos vulnerables tales como ELEPEM, centros de cuidado de personas con dependencia funcional u otras situaciones de similares caracter\u00edsticas.<br \/>\nAs\u00ed mismo, es altamente recomendable el uso de mascarilla facial para las personas que utilizan los medios de transporte colectivo, a nivel urbano, suburbano, interdepartamental e internacional. En locales comerciales. Personas que permanezcan en refugios, establecimientos de reclusi\u00f3n o instituciones de similares caracter\u00edsticas. Personas que sean parte de espacios donde se sospeche la ocurrencia de un brote de enfermedad respiratoria aguda por el plazo acotado hasta que la situaci\u00f3n se resuelva, inclu\u00eddo el \u00e1mbito laboral. Personas que permanezcan al cuidado de personas no vacunadas por cualquier raz\u00f3n, como ni\u00f1os menores de cinco a\u00f1os, entre otros. En espacios cerrados con aglomeraci\u00f3n de personas. Elaboradores y manipuladores de alimentos.<br \/>\nRealizar higiene de manos con frecuencia, utilizar alcohol en gel y mantener superficies limpias y desinfectadas.<br \/>\nNo compartir objetos de uso personal como cubiertos, vasos, mate y toallas.<br \/>\nTeniendo en cuenta la festividad de Navidad y A\u00f1o Nuevo, se recomienda la realizaci\u00f3n de reuniones familiares, en la medida de lo posible, en espacios abiertos y evitando aglomeraciones.<br \/>\nDe la conducta responsable de cada uno de nosotros, depender\u00e1 evitar una mayor propagaci\u00f3n del virus.<br \/>\nEste Comit\u00e9 permanecer\u00e1 atento a la evoluci\u00f3n de la situaci\u00f3n.<\/p>\n","protected":false},"excerpt":{"rendered":"<p>Se desarroll\u00f3 una reuni\u00f3n del Comit\u00e9 Departamental de Emergencias de Durazno, oportunidad en la que&#8230;<\/p>\n","protected":false},"author":26,"featured_media":36826,"comment_status":"closed","ping_status":"closed","sticky":false,"template":"","format":"standard","meta":{"footnotes":"","jetpack_publicize_message":"{title}\n\n{excerpt}\n\n{url}","jetpack_publicize_feature_enabled":true,"jetpack_social_post_already_shared":true,"jetpack_social_options":{"image_generator_settings":{"template":"fullscreen","default_image_id":0,"font":"","enabled":false},"version":2},"_wpas_customize_per_network":false},"categories":[33],"tags":[],"class_list":["post-36825","post","type-post","status-publish","format-standard","has-post-thumbnail","hentry","category-actualidad"],"jetpack_publicize_connections":[],"_links":{"self":[{"href":"https:\/\/duraznohoy.com\/index.php?rest_route=\/wp\/v2\/posts\/36825","targetHints":{"allow":["GET"]}}],"collection":[{"href":"https:\/\/duraznohoy.com\/index.php?rest_route=\/wp\/v2\/posts"}],"about":[{"href":"https:\/\/duraznohoy.com\/index.php?rest_route=\/wp\/v2\/types\/post"}],"author":[{"embeddable":true,"href":"https:\/\/duraznohoy.com\/index.php?rest_route=\/wp\/v2\/users\/26"}],"replies":[{"embeddable":true,"href":"https:\/\/duraznohoy.com\/index.php?rest_route=%2Fwp%2Fv2%2Fcomments&post=36825"}],"version-history":[{"count":0,"href":"https:\/\/duraznohoy.com\/index.php?rest_route=\/wp\/v2\/posts\/36825\/revisions"}],"wp:featuredmedia":[{"embeddable":true,"href":"https:\/\/duraznohoy.com\/index.php?rest_route=\/wp\/v2\/media\/36826"}],"wp:attachment":[{"href":"https:\/\/duraznohoy.com\/index.php?rest_route=%2Fwp%2Fv2%2Fmedia&parent=36825"}],"wp:term":[{"taxonomy":"category","embeddable":true,"href":"https:\/\/duraznohoy.com\/index.php?rest_route=%2Fwp%2Fv2%2Fcategories&post=36825"},{"taxonomy":"post_tag","embeddable":true,"href":"https:\/\/duraznohoy.com\/index.php?rest_route=%2Fwp%2Fv2%2Ftags&post=36825"}],"curies":[{"name":"wp","href":"https:\/\/api.w.org\/{rel}","templated":true}]}}