{"id":58932,"date":"2026-08-31T10:22:40","date_gmt":"2026-08-31T13:22:40","guid":{"rendered":"https:\/\/duraznohoy.com\/?p=58932"},"modified":"2026-08-31T10:22:40","modified_gmt":"2026-08-31T13:22:40","slug":"rapina-hurtos-y-otros-delitos","status":"publish","type":"post","link":"https:\/\/duraznohoy.com\/?p=58932","title":{"rendered":"Rapi\u00f1a, hurtos y otros delitos."},"content":{"rendered":"<h3>Varios condenados por la Justicia en las \u00faltimas horas por diversos delitos.<\/h3>\n<p>El infirme oficial as\u00ed lo indica:<\/p>\n<p><strong>Masculino condenado por rapi\u00f1a, hurtos y otros delitos.<\/strong><\/p>\n<p>Debido a una serie de delitos registrados en la ciudad, entre ellos rapi\u00f1a a automovilista con arma blanca, lesiones, diferentes hurtos entre ellos a casa de familia, instituci\u00f3n religiosa y obra en construcci\u00f3n; mediante trabajos de investigaci\u00f3n se logr\u00f3 vincular a <strong>Walter Sebasti\u00e1n Cardozo Alvarez de 34 a\u00f1os poseedor de 15 antecedentes penales<\/strong> como autor de dichos delitos.<\/p>\n<p>Se procedi\u00f3 a la ubicaci\u00f3n y detenci\u00f3n del mismo, el que luego de ser sometido a la Justicia result\u00f3: Condenado como autor penalmente responsable de la comisi\u00f3n de un delito de rapi\u00f1a en concurrencia fuera de la reiteraci\u00f3n con un delito de lesiones personales, cuatro delitos de hurto, dos de ellos en concurrencia fuera de la reiteraci\u00f3n con delitos de violaci\u00f3n de domicilio y los otros dos agravados por la pluriparticipaci\u00f3n, y un delito de violencia privada agravada, todos en r\u00e9gimen de reiteraci\u00f3n real, todos en calidad de autor, a la pena de 5 a\u00f1os y 1 mes de penitenciar\u00eda.<\/p>\n<p><strong>Masculino condenado por hurtos y receptaci\u00f3n.<\/strong><\/p>\n<p>Debido a tres delitos de hurtos, (2 a comercios y 1 a casa de familia) denunciados en Sarand\u00ed del Y\u00ed, mediante trabajos de investigaci\u00f3n se logr\u00f3 vincular a <strong>Diego Agust\u00edn Pedreira Calder\u00f3n, de 32 a\u00f1os<\/strong>, <strong>poseedor de 5 antecedentes penales<\/strong> como autor de dichos delitos.<\/p>\n<p>Se procedi\u00f3 a la ubicaci\u00f3n y detenci\u00f3n del mismo, el que luego de ser sometido a la Justicia result\u00f3: Condenado como autor penalmente responsable de la comisi\u00f3n de 3 delitos de hurto uno de ellos especialmente agravado y un delito de receptaci\u00f3n; todos en r\u00e9gimen de reiteraci\u00f3n real a la <strong>pena de 16 meses de prisi\u00f3n efectiva.<\/strong><\/p>\n<p><strong><img loading=\"lazy\" decoding=\"async\" class=\" wp-image-58933 alignright\" src=\"https:\/\/duraznohoy.com\/wp-content\/uploads\/2026\/08\/31-CENTENARIO-300x400.jpg\" alt=\"\" width=\"202\" height=\"269\" srcset=\"https:\/\/duraznohoy.com\/wp-content\/uploads\/2026\/08\/31-CENTENARIO-300x400.jpg 300w, https:\/\/duraznohoy.com\/wp-content\/uploads\/2026\/08\/31-CENTENARIO-768x1024.jpg 768w, https:\/\/duraznohoy.com\/wp-content\/uploads\/2026\/08\/31-CENTENARIO-1152x1536.jpg 1152w, https:\/\/duraznohoy.com\/wp-content\/uploads\/2026\/08\/31-CENTENARIO-1024x1365.jpg 1024w, https:\/\/duraznohoy.com\/wp-content\/uploads\/2026\/08\/31-CENTENARIO.jpg 1500w\" sizes=\"auto, (max-width: 202px) 100vw, 202px\" \/>Femenina rescatada en tentativa de suicido.<\/strong><\/p>\n<p>El d\u00eda s\u00e1bado 29 pr\u00f3ximo, a la hora 10:00, se toma conocimiento de que, en la localidad de Centenario, jurisdicci\u00f3n de la Seccional 11.a, una femenina de 32 a\u00f1os se habr\u00eda ausentado en moto de su domicilio, con posible intenci\u00f3n de suicidio.<\/p>\n<p>Por aporte de un familiar, se establece que el celular de la misma estar\u00eda en la zona de Camino La Picada.<\/p>\n<p>Concurre al lugar, de forma inmediata, personal de la Seccional y familiares, ubicando la moto, pero no a la v\u00edctima.<\/p>\n<p>Luego de extensas recorridas en la zona, se logra observar a la v\u00edctima desvanecida sobre la costa de una ca\u00f1ada, a unos 60 metros de una quinta de eucaliptos, siendo el pasaje a pie hacia ese lugar imposible por la crecida del r\u00edo.<\/p>\n<p>Debido a la distancia y a que bordear el lugar para llegar hasta la v\u00edctima demandar\u00eda m\u00e1s de una hora, por lo complejo de la zona, el personal policial presente, sin dudarlo, decide arrojarse al r\u00edo para cruzar a nado hasta el otro extremo de la crecida y socorrer a la v\u00edctima.<\/p>\n<p>Al llegar hasta la misma, la encuentran inconsciente, pero con signos vitales, socorri\u00e9ndola en forma r\u00e1pida, ya que esta se encontraba con su cuerpo fr\u00edo y su ropa mojada, en aparente estado de hipotermia, siendo sacada a flote por el cauce del r\u00edo unos 50 metros hacia el m\u00f3vil policial para su r\u00e1pido traslado, ya que concurrir al lugar en el m\u00f3vil demandar\u00eda m\u00e1s de una hora por los inconvenientes del terreno.<\/p>\n<p>La v\u00edctima es trasladada al Hospital de Paso de los Toros, donde m\u00e9dico diagnostica: \u00abHipotermia\u00bb.<\/p>\n<p>Se trabaja.<\/p>\n<p>&nbsp;<\/p>\n<p>&nbsp;<\/p>\n<p>&nbsp;<\/p>\n","protected":false},"excerpt":{"rendered":"<p>Varios condenados por la Justicia en las \u00faltimas horas por diversos delitos. El infirme oficial&#8230;<\/p>\n","protected":false},"author":2,"featured_media":58934,"comment_status":"open","ping_status":"open","sticky":false,"template":"","format":"standard","meta":{"footnotes":"","jetpack_publicize_message":"{title}\r\n\r\n{excerpt}\r\n\r\n{url}","jetpack_publicize_feature_enabled":true,"jetpack_social_post_already_shared":true,"jetpack_social_options":{"image_generator_settings":{"template":"fullscreen","default_image_id":0,"font":"","enabled":false},"version":2},"_wpas_customize_per_network":false},"categories":[21],"tags":[],"class_list":["post-58932","post","type-post","status-publish","format-standard","has-post-thumbnail","hentry","category-policiales"],"jetpack_publicize_connections":[],"_links":{"self":[{"href":"https:\/\/duraznohoy.com\/index.php?rest_route=\/wp\/v2\/posts\/58932","targetHints":{"allow":["GET"]}}],"collection":[{"href":"https:\/\/duraznohoy.com\/index.php?rest_route=\/wp\/v2\/posts"}],"about":[{"href":"https:\/\/duraznohoy.com\/index.php?rest_route=\/wp\/v2\/types\/post"}],"author":[{"embeddable":true,"href":"https:\/\/duraznohoy.com\/index.php?rest_route=\/wp\/v2\/users\/2"}],"replies":[{"embeddable":true,"href":"https:\/\/duraznohoy.com\/index.php?rest_route=%2Fwp%2Fv2%2Fcomments&post=58932"}],"version-history":[{"count":1,"href":"https:\/\/duraznohoy.com\/index.php?rest_route=\/wp\/v2\/posts\/58932\/revisions"}],"predecessor-version":[{"id":58935,"href":"https:\/\/duraznohoy.com\/index.php?rest_route=\/wp\/v2\/posts\/58932\/revisions\/58935"}],"wp:featuredmedia":[{"embeddable":true,"href":"https:\/\/duraznohoy.com\/index.php?rest_route=\/wp\/v2\/media\/58934"}],"wp:attachment":[{"href":"https:\/\/duraznohoy.com\/index.php?rest_route=%2Fwp%2Fv2%2Fmedia&parent=58932"}],"wp:term":[{"taxonomy":"category","embeddable":true,"href":"https:\/\/duraznohoy.com\/index.php?rest_route=%2Fwp%2Fv2%2Fcategories&post=58932"},{"taxonomy":"post_tag","embeddable":true,"href":"https:\/\/duraznohoy.com\/index.php?rest_route=%2Fwp%2Fv2%2Ftags&post=58932"}],"curies":[{"name":"wp","href":"https:\/\/api.w.org\/{rel}","templated":true}]}}