{"id":58936,"date":"2026-08-31T11:01:38","date_gmt":"2026-08-31T14:01:38","guid":{"rendered":"https:\/\/duraznohoy.com\/?p=58936"},"modified":"2026-08-31T11:01:38","modified_gmt":"2026-08-31T14:01:38","slug":"domingo-en-el-parque-2","status":"publish","type":"post","link":"https:\/\/duraznohoy.com\/?p=58936","title":{"rendered":"Domingo en el Parque"},"content":{"rendered":"<p><strong><img loading=\"lazy\" decoding=\"async\" class=\"size-medium wp-image-58940 alignright\" src=\"https:\/\/duraznohoy.com\/wp-content\/uploads\/2026\/08\/31-CICLISMO3-300x169.jpg\" alt=\"\" width=\"300\" height=\"169\" srcset=\"https:\/\/duraznohoy.com\/wp-content\/uploads\/2026\/08\/31-CICLISMO3-300x169.jpg 300w, https:\/\/duraznohoy.com\/wp-content\/uploads\/2026\/08\/31-CICLISMO3-768x432.jpg 768w, https:\/\/duraznohoy.com\/wp-content\/uploads\/2026\/08\/31-CICLISMO3.jpg 914w\" sizes=\"auto, (max-width: 300px) 100vw, 300px\" \/>En un domingo soleado y ante un excepcional marco de p\u00fablico, se desarroll\u00f3 en la pista del Parque de la Hispanidad de Durazno el Criterium de Apertura de la Federaci\u00f3n Ciclista Uruguaya (FCU).<\/strong><\/p>\n<p>El evento cont\u00f3 con m\u00e1s de 300 competidores y fue coorganizado por la Federaci\u00f3n Ciclista de Durazno y la Escuela Departamental de Ciclismo, con el apoyo del Gobierno de Durazno.<\/p>\n<p>Comenz\u00f3 con las competencias M\u00e1ster C, D y E, y Damas y al mediod\u00eda 170 ciclistas en las categor\u00edas Elite, Sub 23 y Junior.\u00a0Al cierre compitieron las categor\u00edas M\u00e1ster A y B, realiz\u00e1ndose en cada caso la entrega de premios.<\/p>\n<p><strong>Homenajes a figuras del pedal<\/strong><\/p>\n<p>Previo a la largada de la categor\u00eda principal, la organizaci\u00f3n realiz\u00f3 dos emotivos reconocimientos a referentes locales por su invalorable aporte al deporte:<\/p>\n<ul>\n<li><strong><em>Oscar Chiribao<\/em><\/strong>: exciclista, entrenador y pionero en la introducci\u00f3n y organizaci\u00f3n de las primeras competencias de Mountain Bike en el departamento.<\/li>\n<li><strong><em>Mario Gabino Mu\u00f1oz<\/em><\/strong>: exciclista, colaborador y promotor de la actividad pedalera en Durazno.<\/li>\n<\/ul>\n<p>La Federaci\u00f3n Ciclista de Durazno y la Escuela Departamental de Ciclismo, agradecieron el apoyo del Gobierno de Durazno, que estuvo representado en el evento por el Coordinador General, Jacobo Mejeses; la Directora Interina de Promoci\u00f3n Social, Patricia Rojas y los profesores\u00a0Leonardo Mart\u00ednez (Coordinador de Recreaci\u00f3n y Deportes) y Federico Moroni Lema; as\u00ed como de empresas e instituciones locales.<\/p>\n<p><strong>Todos los resultados<\/strong><\/p>\n<p><u>Categor\u00eda Elite y Sub 23<\/u><\/p>\n<ul>\n<li>1\u00b0 Leonel Rodr\u00edguez (Cerro Largo)<\/li>\n<li>2\u00b0 Germ\u00e1n Fern\u00e1ndez (Dolores)<\/li>\n<li>3\u00b0 Pablo Anchieri (Alas Rojas)<\/li>\n<li>4\u00b0 Marcelo Alarc\u00f3n (Dolores)<\/li>\n<li>5\u00b0 Nicol\u00e1s Arachich\u00fa (Libre de Flores)<\/li>\n<li><u>Premio Sprinter<\/u><\/li>\n<\/ul>\n<ul>\n<li>1\u00b0 Federico Clara (Nautico)<\/li>\n<\/ul>\n<p>&nbsp;<\/p>\n<p><u>Mejor duraznense<\/u>:<\/p>\n<ul>\n<li>Mat\u00edas Godoy<\/li>\n<\/ul>\n<p><u>Sub 23<\/u><\/p>\n<ul>\n<li>1\u00b0 Juan Etchebarne (C.C Carmelo)<\/li>\n<li>2\u00b0 Santiago Rivero<\/li>\n<li>3\u00b0 Thom\u00e1s Lucas<\/li>\n<\/ul>\n<p><u>Junior<\/u><\/p>\n<ul>\n<li>1\u00b0 Aparicio Caraballo<\/li>\n<li>2\u00b0 Lautaro Conde<\/li>\n<li>3\u00b0 Iv\u00e1n Salvagno<\/li>\n<\/ul>\n<p><u><img loading=\"lazy\" decoding=\"async\" class=\"size-medium wp-image-58939 alignright\" src=\"https:\/\/duraznohoy.com\/wp-content\/uploads\/2026\/08\/31-CICLISMO2-300x192.jpg\" alt=\"\" width=\"300\" height=\"192\" srcset=\"https:\/\/duraznohoy.com\/wp-content\/uploads\/2026\/08\/31-CICLISMO2-300x192.jpg 300w, https:\/\/duraznohoy.com\/wp-content\/uploads\/2026\/08\/31-CICLISMO2-768x491.jpg 768w, https:\/\/duraznohoy.com\/wp-content\/uploads\/2026\/08\/31-CICLISMO2.jpg 912w\" sizes=\"auto, (max-width: 300px) 100vw, 300px\" \/>Damas<\/u><\/p>\n<ul>\n<li>1\u00b0 Florencia Larzabal<\/li>\n<li>2\u00b0 Romina Rodr\u00edguez<\/li>\n<li>3\u00b0 Carla Correa<\/li>\n<\/ul>\n<p><u>M\u00e1ster A y B<\/u><\/p>\n<ul>\n<li>1\u00b0 Luis S\u00e1nchez<\/li>\n<li>2\u00b0 Gonzalo Gonz\u00e1lez<\/li>\n<li>3\u00b0 Mat\u00edas V\u00e1zquez<\/li>\n<\/ul>\n<p><u>M\u00e1ster C<\/u><\/p>\n<ul>\n<li>1\u00b0 Adalberto Duarte<\/li>\n<li>2\u00b0 Horacio Rodr\u00edguez<\/li>\n<li>3\u00b0 Eduardo Bentancor<\/li>\n<\/ul>\n<p>&nbsp;<\/p>\n<p><u>M\u00e1ster D<\/u><\/p>\n<ul>\n<li>1\u00b0 Eduardo Pacheco<\/li>\n<li>2\u00b0 Gerardo Pereyra<\/li>\n<li>3\u00b0 Rudemar Zeballos<\/li>\n<\/ul>\n<p><u>M\u00e1ster E<\/u><\/p>\n<ul>\n<li>1\u00b0 Reinaldo Ant\u00fanez<\/li>\n<\/ul>\n<p><u>Juvenil<\/u><\/p>\n<ul>\n<li>1\u00b0 Emiliano Montalb\u00e1n<\/li>\n<\/ul>\n<div style=\"width: 640px;\" class=\"wp-video\"><video class=\"wp-video-shortcode\" id=\"video-58936-1\" width=\"640\" height=\"361\" preload=\"metadata\" controls=\"controls\"><source type=\"video\/mp4\" src=\"https:\/\/duraznohoy.com\/wp-content\/uploads\/2026\/08\/ciclismo-31.mp4?_=1\" \/><a href=\"https:\/\/duraznohoy.com\/wp-content\/uploads\/2026\/08\/ciclismo-31.mp4\">https:\/\/duraznohoy.com\/wp-content\/uploads\/2026\/08\/ciclismo-31.mp4<\/a><\/video><\/div>\n<p>&nbsp;<\/p>\n","protected":false},"excerpt":{"rendered":"<p>En un domingo soleado y ante un excepcional marco de p\u00fablico, se desarroll\u00f3 en la&#8230;<\/p>\n","protected":false},"author":2,"featured_media":58938,"comment_status":"open","ping_status":"open","sticky":false,"template":"","format":"standard","meta":{"footnotes":"","jetpack_publicize_message":"{title}\r\n\r\n{excerpt}\r\n\r\n{url}","jetpack_publicize_feature_enabled":true,"jetpack_social_post_already_shared":true,"jetpack_social_options":{"image_generator_settings":{"template":"fullscreen","default_image_id":0,"font":"","enabled":false},"version":2},"_wpas_customize_per_network":false},"categories":[120],"tags":[],"class_list":["post-58936","post","type-post","status-publish","format-standard","has-post-thumbnail","hentry","category-ciclismo"],"jetpack_publicize_connections":[],"_links":{"self":[{"href":"https:\/\/duraznohoy.com\/index.php?rest_route=\/wp\/v2\/posts\/58936","targetHints":{"allow":["GET"]}}],"collection":[{"href":"https:\/\/duraznohoy.com\/index.php?rest_route=\/wp\/v2\/posts"}],"about":[{"href":"https:\/\/duraznohoy.com\/index.php?rest_route=\/wp\/v2\/types\/post"}],"author":[{"embeddable":true,"href":"https:\/\/duraznohoy.com\/index.php?rest_route=\/wp\/v2\/users\/2"}],"replies":[{"embeddable":true,"href":"https:\/\/duraznohoy.com\/index.php?rest_route=%2Fwp%2Fv2%2Fcomments&post=58936"}],"version-history":[{"count":1,"href":"https:\/\/duraznohoy.com\/index.php?rest_route=\/wp\/v2\/posts\/58936\/revisions"}],"predecessor-version":[{"id":58941,"href":"https:\/\/duraznohoy.com\/index.php?rest_route=\/wp\/v2\/posts\/58936\/revisions\/58941"}],"wp:featuredmedia":[{"embeddable":true,"href":"https:\/\/duraznohoy.com\/index.php?rest_route=\/wp\/v2\/media\/58938"}],"wp:attachment":[{"href":"https:\/\/duraznohoy.com\/index.php?rest_route=%2Fwp%2Fv2%2Fmedia&parent=58936"}],"wp:term":[{"taxonomy":"category","embeddable":true,"href":"https:\/\/duraznohoy.com\/index.php?rest_route=%2Fwp%2Fv2%2Fcategories&post=58936"},{"taxonomy":"post_tag","embeddable":true,"href":"https:\/\/duraznohoy.com\/index.php?rest_route=%2Fwp%2Fv2%2Ftags&post=58936"}],"curies":[{"name":"wp","href":"https:\/\/api.w.org\/{rel}","templated":true}]}}