{"id":58943,"date":"2026-08-31T17:09:10","date_gmt":"2026-08-31T20:09:10","guid":{"rendered":"https:\/\/duraznohoy.com\/?p=58943"},"modified":"2026-08-31T17:09:10","modified_gmt":"2026-08-31T20:09:10","slug":"buscando-siempre-el-mejor-angulo-encontro-la-eternidad","status":"publish","type":"post","link":"https:\/\/duraznohoy.com\/?p=58943","title":{"rendered":"Buscando siempre el mejor \u00e1ngulo, encontr\u00f3 la eternidad"},"content":{"rendered":"<p><strong><img loading=\"lazy\" decoding=\"async\" class=\" wp-image-58946 alignleft\" src=\"https:\/\/duraznohoy.com\/wp-content\/uploads\/2026\/08\/31-CARLOS-CASTRO2-1-300x303.jpg\" alt=\"\" width=\"182\" height=\"184\" srcset=\"https:\/\/duraznohoy.com\/wp-content\/uploads\/2026\/08\/31-CARLOS-CASTRO2-1-300x303.jpg 300w, https:\/\/duraznohoy.com\/wp-content\/uploads\/2026\/08\/31-CARLOS-CASTRO2-1-768x776.jpg 768w, https:\/\/duraznohoy.com\/wp-content\/uploads\/2026\/08\/31-CARLOS-CASTRO2-1.jpg 950w\" sizes=\"auto, (max-width: 182px) 100vw, 182px\" \/>Falleci\u00f3 hoy Carlos Matildo Castro Russomagno, \u201cCarlitos\u201d como se le llamaba habitualmenten\u00a0 compa\u00f1ero de innumerables actividades period\u00edsticas.<\/strong><\/p>\n<p>Fue pionero junto a Marcelo Mondino de tener un canal local como se\u00f1al en los\u00a0 TV cables duraznenses. En esa tarea casi quijotesca por los tiempos que se viv\u00edan, dio posibilidades de trabajo en distintos programas a muchos comunicadores j\u00f3venes.<\/p>\n<p>Si bien tuvo su propio programa al que conduc\u00eda, su gran pasi\u00f3n era la c\u00e1mara y todo lo que ella significaba, apostando que, si se puede pensar, se puede filmar, y animando a los j\u00f3venes a tomar la c\u00e1mara directamente.<\/p>\n<p>Enfrent\u00f3 muchas veces \u00a0\u00a0la indiferencia de quienes suelen menospreciar a los profesionales locales y por mucho tiempo pareci\u00f3 luchar \u201ccontra los molinos de viento\u201d.<\/p>\n<p>Pero, a pesar de todo, dej\u00f3 un patrimonio en im\u00e1genes y acontecimientos trascendentes que deber\u00e1n ser guardadas como un verdadero tesoro.<\/p>\n<p>Simp\u00e1tico, buen compa\u00f1ero, excelente colega<\/p>\n<p>Su velatorio se realiza este lunes 31 de agosto de 17 a 19 horas en la Sala N\u00b0 3 de Baltasar Brum 428\u2026<\/p>\n<p>&nbsp;<\/p>\n","protected":false},"excerpt":{"rendered":"<p>Falleci\u00f3 hoy Carlos Matildo Castro Russomagno, \u201cCarlitos\u201d como se le llamaba habitualmenten\u00a0 compa\u00f1ero de innumerables&#8230;<\/p>\n","protected":false},"author":2,"featured_media":58945,"comment_status":"open","ping_status":"open","sticky":false,"template":"","format":"standard","meta":{"footnotes":"","jetpack_publicize_message":"{title}\r\n\r\n{excerpt}\r\n\r\n{url}","jetpack_publicize_feature_enabled":true,"jetpack_social_post_already_shared":true,"jetpack_social_options":{"image_generator_settings":{"template":"fullscreen","default_image_id":0,"font":"","enabled":false},"version":2},"_wpas_customize_per_network":false},"categories":[17],"tags":[],"class_list":["post-58943","post","type-post","status-publish","format-standard","has-post-thumbnail","hentry","category-deceso"],"jetpack_publicize_connections":[],"_links":{"self":[{"href":"https:\/\/duraznohoy.com\/index.php?rest_route=\/wp\/v2\/posts\/58943","targetHints":{"allow":["GET"]}}],"collection":[{"href":"https:\/\/duraznohoy.com\/index.php?rest_route=\/wp\/v2\/posts"}],"about":[{"href":"https:\/\/duraznohoy.com\/index.php?rest_route=\/wp\/v2\/types\/post"}],"author":[{"embeddable":true,"href":"https:\/\/duraznohoy.com\/index.php?rest_route=\/wp\/v2\/users\/2"}],"replies":[{"embeddable":true,"href":"https:\/\/duraznohoy.com\/index.php?rest_route=%2Fwp%2Fv2%2Fcomments&post=58943"}],"version-history":[{"count":1,"href":"https:\/\/duraznohoy.com\/index.php?rest_route=\/wp\/v2\/posts\/58943\/revisions"}],"predecessor-version":[{"id":58948,"href":"https:\/\/duraznohoy.com\/index.php?rest_route=\/wp\/v2\/posts\/58943\/revisions\/58948"}],"wp:featuredmedia":[{"embeddable":true,"href":"https:\/\/duraznohoy.com\/index.php?rest_route=\/wp\/v2\/media\/58945"}],"wp:attachment":[{"href":"https:\/\/duraznohoy.com\/index.php?rest_route=%2Fwp%2Fv2%2Fmedia&parent=58943"}],"wp:term":[{"taxonomy":"category","embeddable":true,"href":"https:\/\/duraznohoy.com\/index.php?rest_route=%2Fwp%2Fv2%2Fcategories&post=58943"},{"taxonomy":"post_tag","embeddable":true,"href":"https:\/\/duraznohoy.com\/index.php?rest_route=%2Fwp%2Fv2%2Ftags&post=58943"}],"curies":[{"name":"wp","href":"https:\/\/api.w.org\/{rel}","templated":true}]}}