{"id":58953,"date":"2026-09-02T16:21:06","date_gmt":"2026-09-02T19:21:06","guid":{"rendered":"https:\/\/duraznohoy.com\/?p=58953"},"modified":"2026-09-02T16:21:06","modified_gmt":"2026-09-02T19:21:06","slug":"hacia-la-justicia-ambiental","status":"publish","type":"post","link":"https:\/\/duraznohoy.com\/?p=58953","title":{"rendered":"Hacia la justicia ambiental."},"content":{"rendered":"<p><strong>El 9.\u00ba Encuentro Nacional de Educaci\u00f3n Ambiental y la 4.\u00aa Ronda Latinoamericana tendr\u00e1 su Intercambio territorial en Durazno el pr\u00f3ximo lunes 7 de setiembre.<\/strong><\/p>\n<p>La Red Nacional de Educaci\u00f3n Ambiental para el Desarrollo Humano Sustentable (RENEA), anuncia la llegada de la Ruta de la Espiral de la Educaci\u00f3n Ambiental a Durazno. Esta actividad forma parte del 9\u00b0 Encuentro Nacional y 4\u00b0 Ronda Latinoamericana de Educaci\u00f3n Ambiental.<\/p>\n<p>Seg\u00f3m nos indicabba el diputado <em><strong>Ra\u00fal Licandro,<\/strong><\/em> bajo la consigna <em><strong>\u00abEntretejiendo territorios y di\u00e1logos hacia la justicia ambiental\u00bb<\/strong><\/em>, la propuesta busca fortalecer los procesos educativos ambientales en clave territorial, promoviendo el di\u00e1logo de saberes y la construcci\u00f3n colectiva de estrategias frente a las problem\u00e1ticas socioambientales. La actividad cuenta con la declaraci\u00f3n de Inter\u00e9s Ministerial del Ministerio de Educaci\u00f3n y Cultura y del Ministerio de Ambiente.<\/p>\n<p><em><strong>Fecha: lunes 7 de setiembre<\/strong><\/em><\/p>\n<p><em><strong>Lugar: Sala Lavalleja Batlle y Ord\u00f3\u00f1ez 648 esq. Eusebio P\u00edriz<\/strong><\/em><\/p>\n<p><em><strong>Horario: Desde las 9 a 17 horas.<\/strong><\/em><\/p>\n<p><em><strong>Formulario de inscripci\u00f3n: https:\/\/forms.gle\/QeNm4mysBX28Sv9H9<\/strong><\/em><\/p>\n","protected":false},"excerpt":{"rendered":"<p>El 9.\u00ba Encuentro Nacional de Educaci\u00f3n Ambiental y la 4.\u00aa Ronda Latinoamericana tendr\u00e1 su Intercambio&#8230;<\/p>\n","protected":false},"author":2,"featured_media":58954,"comment_status":"open","ping_status":"open","sticky":false,"template":"","format":"standard","meta":{"footnotes":"","jetpack_publicize_message":"{title}\r\n\r\n{excerpt}\r\n\r\n{url}","jetpack_publicize_feature_enabled":true,"jetpack_social_post_already_shared":true,"jetpack_social_options":{"image_generator_settings":{"template":"fullscreen","default_image_id":0,"font":"","enabled":false},"version":2},"_wpas_customize_per_network":false},"categories":[206],"tags":[],"class_list":["post-58953","post","type-post","status-publish","format-standard","has-post-thumbnail","hentry","category-medioambiente"],"jetpack_publicize_connections":[],"_links":{"self":[{"href":"https:\/\/duraznohoy.com\/index.php?rest_route=\/wp\/v2\/posts\/58953","targetHints":{"allow":["GET"]}}],"collection":[{"href":"https:\/\/duraznohoy.com\/index.php?rest_route=\/wp\/v2\/posts"}],"about":[{"href":"https:\/\/duraznohoy.com\/index.php?rest_route=\/wp\/v2\/types\/post"}],"author":[{"embeddable":true,"href":"https:\/\/duraznohoy.com\/index.php?rest_route=\/wp\/v2\/users\/2"}],"replies":[{"embeddable":true,"href":"https:\/\/duraznohoy.com\/index.php?rest_route=%2Fwp%2Fv2%2Fcomments&post=58953"}],"version-history":[{"count":2,"href":"https:\/\/duraznohoy.com\/index.php?rest_route=\/wp\/v2\/posts\/58953\/revisions"}],"predecessor-version":[{"id":58956,"href":"https:\/\/duraznohoy.com\/index.php?rest_route=\/wp\/v2\/posts\/58953\/revisions\/58956"}],"wp:featuredmedia":[{"embeddable":true,"href":"https:\/\/duraznohoy.com\/index.php?rest_route=\/wp\/v2\/media\/58954"}],"wp:attachment":[{"href":"https:\/\/duraznohoy.com\/index.php?rest_route=%2Fwp%2Fv2%2Fmedia&parent=58953"}],"wp:term":[{"taxonomy":"category","embeddable":true,"href":"https:\/\/duraznohoy.com\/index.php?rest_route=%2Fwp%2Fv2%2Fcategories&post=58953"},{"taxonomy":"post_tag","embeddable":true,"href":"https:\/\/duraznohoy.com\/index.php?rest_route=%2Fwp%2Fv2%2Ftags&post=58953"}],"curies":[{"name":"wp","href":"https:\/\/api.w.org\/{rel}","templated":true}]}}