{"id":58969,"date":"2026-09-04T17:09:11","date_gmt":"2026-09-04T20:09:11","guid":{"rendered":"https:\/\/duraznohoy.com\/?p=58969"},"modified":"2026-09-04T17:11:10","modified_gmt":"2026-09-04T20:11:10","slug":"libertad-a-prueba-para-responsables-de-muerte-de-un-joven","status":"publish","type":"post","link":"https:\/\/duraznohoy.com\/?p=58969","title":{"rendered":"Libertad a prueba para responsables de muerte de un joven"},"content":{"rendered":"<p><strong>Tras la muerte de un joven que transitaba en moto, tras ser atropellado, los culpables fueron condenados sin prisi\u00f3n.<\/strong><\/p>\n<p>Jefatura de Polic\u00eda inform\u00f3 en la ma\u00f1ana de este viernes sobre lo esuelto por la Justicia.<\/p>\n<p><strong>Siniestro de tr\u00e1nsito: tres personas condenadas por homicidio culpable, lesiones personales culposas y omisi\u00f3n de asistencia<\/strong><\/p>\n<p>En el marco de las actuaciones realizadas a ra\u00edz de un siniestro de tr\u00e1nsito ocurrido el pasado 14\/02\/2026 pr\u00f3ximo a la hora 03:25 en calle Lavalleja esquina Ansina, donde resultaron involucrados una motocicleta y un autom\u00f3vil, se logr\u00f3 establecer la responsabilidad de los ocupantes del veh\u00edculo.<\/p>\n<p>El hecho ocurri\u00f3 cuando una motocicleta marca Zanella, conducida por un masculino de iniciales <strong>B.D.R.F., de 22 a\u00f1o<\/strong>s, llevando como acompa\u00f1ante a adolescente de 17 a\u00f1os, colision\u00f3 con un autom\u00f3vil marca FAW modelo N5, cuyos ocupantes se retiraron del lugar tras el siniestro.<\/p>\n<p>Como consecuencia del hecho, el conductor de la motocicleta fue trasladado a un centro asistencial, mientras que su acompa\u00f1ante, de 17 a\u00f1os, fue asistido y trasladado al Hospital Local, falleciendo posteriormente como consecuencia de las lesiones sufridas en el siniestro.<\/p>\n<p>Las actuaciones permitieron establecer que en el autom\u00f3vil se desplazaban cuatro personas. En el transcurso de la investigaci\u00f3n se recabaron testimonios y elementos probatorios que permitieron identificar a los involucrados.<\/p>\n<p>Puestos los hechos en conocimiento de la Justicia competente, al t\u00e9rmino de la audiencia se conden\u00f3 al masculino <strong>J.B.M. de 20 a\u00f1os <\/strong><strong><em>como autor penalmente responsable de un delito de homicidio <\/em><\/strong><strong><em>culpable en concurso formal con un delito de lesiones personales <\/em><\/strong><strong><em>culpables, ambos en concurso fuera de la reiteraci\u00f3n con un delito <\/em><\/strong><strong><em>de omisi\u00f3n de asistencia, a la pena de cuatro a\u00f1os de penitenciar\u00eda, <\/em><\/strong><strong><em>a cumplirse en r\u00e9gimen de libertad a prueba.<\/em><\/strong><\/p>\n<p><strong><em>Asimismo, el masculino S.O.S.F. de 19 a\u00f1os fue condenado como <\/em><\/strong><strong><em>autor penalmente responsable de un delito de omisi\u00f3n de <\/em><\/strong><strong><em>asistencia, a la pena de 12 meses de prisi\u00f3n, a cumplirse en <\/em><\/strong><strong><em>r\u00e9gimen de libertad a prueba.<\/em><\/strong><\/p>\n<p>En tanto, un adolescente de 17 a\u00f1os fue declarado responsable de una infracci\u00f3n grave a la ley penal tipificada como un delito de omisi\u00f3n de asistencia, imponi\u00e9ndosele una medida socioeducativa de orientaci\u00f3n y apoyo mediante su incorporaci\u00f3n a un programa socioeducativo a cargo de INAU por el t\u00e9rmino de 12 meses.<\/p>\n","protected":false},"excerpt":{"rendered":"<p>Tras la muerte de un joven que transitaba en moto, tras ser atropellado, los culpables&#8230;<\/p>\n","protected":false},"author":2,"featured_media":58970,"comment_status":"open","ping_status":"open","sticky":false,"template":"","format":"standard","meta":{"footnotes":"","jetpack_publicize_message":"{title}\r\n\r\n{excerpt}\r\n\r\n{url}","jetpack_publicize_feature_enabled":true,"jetpack_social_post_already_shared":true,"jetpack_social_options":{"image_generator_settings":{"template":"fullscreen","default_image_id":0,"font":"","enabled":false},"version":2},"_wpas_customize_per_network":false},"categories":[21],"tags":[],"class_list":["post-58969","post","type-post","status-publish","format-standard","has-post-thumbnail","hentry","category-policiales"],"jetpack_publicize_connections":[],"_links":{"self":[{"href":"https:\/\/duraznohoy.com\/index.php?rest_route=\/wp\/v2\/posts\/58969","targetHints":{"allow":["GET"]}}],"collection":[{"href":"https:\/\/duraznohoy.com\/index.php?rest_route=\/wp\/v2\/posts"}],"about":[{"href":"https:\/\/duraznohoy.com\/index.php?rest_route=\/wp\/v2\/types\/post"}],"author":[{"embeddable":true,"href":"https:\/\/duraznohoy.com\/index.php?rest_route=\/wp\/v2\/users\/2"}],"replies":[{"embeddable":true,"href":"https:\/\/duraznohoy.com\/index.php?rest_route=%2Fwp%2Fv2%2Fcomments&post=58969"}],"version-history":[{"count":1,"href":"https:\/\/duraznohoy.com\/index.php?rest_route=\/wp\/v2\/posts\/58969\/revisions"}],"predecessor-version":[{"id":58971,"href":"https:\/\/duraznohoy.com\/index.php?rest_route=\/wp\/v2\/posts\/58969\/revisions\/58971"}],"wp:featuredmedia":[{"embeddable":true,"href":"https:\/\/duraznohoy.com\/index.php?rest_route=\/wp\/v2\/media\/58970"}],"wp:attachment":[{"href":"https:\/\/duraznohoy.com\/index.php?rest_route=%2Fwp%2Fv2%2Fmedia&parent=58969"}],"wp:term":[{"taxonomy":"category","embeddable":true,"href":"https:\/\/duraznohoy.com\/index.php?rest_route=%2Fwp%2Fv2%2Fcategories&post=58969"},{"taxonomy":"post_tag","embeddable":true,"href":"https:\/\/duraznohoy.com\/index.php?rest_route=%2Fwp%2Fv2%2Ftags&post=58969"}],"curies":[{"name":"wp","href":"https:\/\/api.w.org\/{rel}","templated":true}]}}