{"id":58986,"date":"2026-09-05T22:18:09","date_gmt":"2026-09-06T01:18:09","guid":{"rendered":"https:\/\/duraznohoy.com\/?p=58986"},"modified":"2026-09-05T22:18:09","modified_gmt":"2026-09-06T01:18:09","slug":"a-una-decada-de-la-partida-de-abel-soria","status":"publish","type":"post","link":"https:\/\/duraznohoy.com\/?p=58986","title":{"rendered":"A una d\u00e9cada de la partida de Abel Soria"},"content":{"rendered":"<p><strong>Por el Lic. Oscar Padr\u00f3n Favre<\/strong><\/p>\n<p style=\"text-align: right;\"><strong>Sin duda fue uno de los grandes hombres de la cultura popular del Uruguay, como queda de manifiesto en las expresiones de recuerdo y solicitud de sus temas que se registra con frecuencia en los medios de comunicaci\u00f3n. Estas breves l\u00edneas son solo una evocaci\u00f3n personal y no una valoraci\u00f3n de su obra y trayectoria como realmente se merece.<\/strong><\/p>\n<p><img loading=\"lazy\" decoding=\"async\" class=\"size-medium wp-image-58988 alignright\" src=\"https:\/\/duraznohoy.com\/wp-content\/uploads\/2026\/09\/5-ABEL-SORIA-300x173.jpg\" alt=\"\" width=\"300\" height=\"173\" srcset=\"https:\/\/duraznohoy.com\/wp-content\/uploads\/2026\/09\/5-ABEL-SORIA-300x173.jpg 300w, https:\/\/duraznohoy.com\/wp-content\/uploads\/2026\/09\/5-ABEL-SORIA-768x444.jpg 768w, https:\/\/duraznohoy.com\/wp-content\/uploads\/2026\/09\/5-ABEL-SORIA.jpg 914w\" sizes=\"auto, (max-width: 300px) 100vw, 300px\" \/>Lo escuchamos desde los primeros Festivales de Folklore de Durazno, admirando su creatividad repentista, su humor y la capacidad de pintar con sus versos las caracter\u00edsticas m\u00e1s singulares de los uruguayos, en especial de los del interior.<\/p>\n<p>Nos conocimos personalmente en Carlos Reyles por 1982, con una guitarra de por medio, y a partir de la d\u00e9cada siguiente cultivamos una amistad que me honraba y me permit\u00eda \u2013 cada vez que nos encontr\u00e1bamos &#8211; alimentarme de su enorme saber sobre los m\u00e1s diversos aspectos de la cultura popular. Por supuesto, siempre condimentado con inolvidables an\u00e9cdotas, propias o ajenas, que derramaba sin pausa.<\/p>\n<p>En el a\u00f1o 1993 invitado por el entonces Intendente Dr. Ra\u00fal Iturria dict\u00f3 en Casa de la Cultura un curso sobre versificaci\u00f3n, de lo que era un especialista, que tuvimos el gusto de coordinar y lograr que quedara registrado en una publicaci\u00f3n auspiciada por la Intendencia de Durazno y el MEC. Las dos primeras fotos registran esa actividad y los asistentes al curso.<\/p>\n<p>En los a\u00f1os siguientes, en m\u00e1s de una oportunidad expuso sus pinturas &#8211; de inconfundible estilo costumbrista &#8211; en el Museo Casa de Rivera de Durazno, logrando siempre un gran \u00e9xito de visitantes. Dos fotos del a\u00f1o 1997 dan cuenta de ello.<\/p>\n<p>Sin duda no existi\u00f3 espacio del territorio oriental donde Abel Soria no haya estado presente brindando su arte de payador con generosidad, ya fuera en diversos espect\u00e1culos, beneficios escolares, criollas, festivales, homenajes y tantas actividades m\u00e1s. A su importante discograf\u00eda sum\u00f3 varios libros y el arte de sus singulares pinturas, a trav\u00e9s de las cuales tambi\u00e9n rindi\u00f3 sensible homenaje a las esencias m\u00e1s caracter\u00edsticas de la poblaci\u00f3n rural o de los peque\u00f1os pueblos del pa\u00eds.<\/p>\n<p>El 4 de setiembre de 2016 recibimos la noticia de su repentino fallecimiento. Viajamos entonces con Jes\u00fas Carlos Correa (qui\u00e9n cultiv\u00f3 tambi\u00e9n extenso y estrecho v\u00ednculo con Abel) hasta San Jos\u00e9, en un veh\u00edculo brindado por la Intendencia, para estar presentes en su despedida final. Lo hicimos por el gran afecto personal y, sobre todo, sintiendo que represent\u00e1bamos a Durazno, al que mucho quer\u00eda y al que hab\u00eda brindado tanto de su arte. Las tierras del Y\u00ed deb\u00edan estar en esa hora.<\/p>\n<p>En el cementerio no estuvo ninguna autoridad nacional, s\u00ed departamentales, pero la masiva asistencia de los maragatos \u2013 y de no pocas personas que tambi\u00e9n hab\u00edan hecho muchos kil\u00f3metros para estar \u2013 demostraron que el gran Abel Soria estaba por siempre en el coraz\u00f3n de su pueblo.<\/p>\n<p>&nbsp;<\/p>\n","protected":false},"excerpt":{"rendered":"<p>Por el Lic. Oscar Padr\u00f3n Favre Sin duda fue uno de los grandes hombres de&#8230;<\/p>\n","protected":false},"author":2,"featured_media":58987,"comment_status":"open","ping_status":"open","sticky":false,"template":"","format":"standard","meta":{"footnotes":"","jetpack_publicize_message":"{title}\r\n\r\n{excerpt}\r\n\r\n{url}","jetpack_publicize_feature_enabled":true,"jetpack_social_post_already_shared":true,"jetpack_social_options":{"image_generator_settings":{"template":"fullscreen","default_image_id":0,"font":"","enabled":false},"version":2},"_wpas_customize_per_network":false},"categories":[41],"tags":[],"class_list":["post-58986","post","type-post","status-publish","format-standard","has-post-thumbnail","hentry","category-recordando"],"jetpack_publicize_connections":[],"_links":{"self":[{"href":"https:\/\/duraznohoy.com\/index.php?rest_route=\/wp\/v2\/posts\/58986","targetHints":{"allow":["GET"]}}],"collection":[{"href":"https:\/\/duraznohoy.com\/index.php?rest_route=\/wp\/v2\/posts"}],"about":[{"href":"https:\/\/duraznohoy.com\/index.php?rest_route=\/wp\/v2\/types\/post"}],"author":[{"embeddable":true,"href":"https:\/\/duraznohoy.com\/index.php?rest_route=\/wp\/v2\/users\/2"}],"replies":[{"embeddable":true,"href":"https:\/\/duraznohoy.com\/index.php?rest_route=%2Fwp%2Fv2%2Fcomments&post=58986"}],"version-history":[{"count":1,"href":"https:\/\/duraznohoy.com\/index.php?rest_route=\/wp\/v2\/posts\/58986\/revisions"}],"predecessor-version":[{"id":58989,"href":"https:\/\/duraznohoy.com\/index.php?rest_route=\/wp\/v2\/posts\/58986\/revisions\/58989"}],"wp:featuredmedia":[{"embeddable":true,"href":"https:\/\/duraznohoy.com\/index.php?rest_route=\/wp\/v2\/media\/58987"}],"wp:attachment":[{"href":"https:\/\/duraznohoy.com\/index.php?rest_route=%2Fwp%2Fv2%2Fmedia&parent=58986"}],"wp:term":[{"taxonomy":"category","embeddable":true,"href":"https:\/\/duraznohoy.com\/index.php?rest_route=%2Fwp%2Fv2%2Fcategories&post=58986"},{"taxonomy":"post_tag","embeddable":true,"href":"https:\/\/duraznohoy.com\/index.php?rest_route=%2Fwp%2Fv2%2Ftags&post=58986"}],"curies":[{"name":"wp","href":"https:\/\/api.w.org\/{rel}","templated":true}]}}